{"id":1004,"date":"2013-11-12T09:48:25","date_gmt":"2013-11-12T08:48:25","guid":{"rendered":"http:\/\/radioalma.eu\/bruselas\/?p=1004"},"modified":"2013-11-12T09:48:46","modified_gmt":"2013-11-12T08:48:46","slug":"pedaleando-por-bruselas","status":"publish","type":"post","link":"https:\/\/radioalma.eu\/bruselas\/2013\/11\/12\/pedaleando-por-bruselas\/","title":{"rendered":"Pedaleando por Bruselas"},"content":{"rendered":"<p><a href=\"http:\/\/radioalma.eu\/bruselas\/files\/2013\/11\/bicis.gif\"><img fetchpriority=\"high\" decoding=\"async\" class=\"alignleft size-medium wp-image-1006\" alt=\"bicis\" src=\"http:\/\/radioalma.eu\/bruselas\/files\/2013\/11\/bicis-300x201.gif\" width=\"300\" height=\"201\" srcset=\"https:\/\/radioalma.eu\/bruselas\/files\/2013\/11\/bicis-300x200.gif 300w, https:\/\/radioalma.eu\/bruselas\/files\/2013\/11\/bicis-150x100.gif 150w\" sizes=\"(max-width: 300px) 100vw, 300px\" \/><\/a>De todos es sabido que la bicicleta es un medio de transporte casi tan utilizado como el coche para desplazarse por ciudad. Pero es que adem\u00e1s, los veloc\u00edpedos son \u00fanicos para hacer excursiones a los parajes naturales m\u00e1s alejados de Bruselas sin tardar demasiado.<\/p>\n<p>Pablo de la Rasilla nos da esta semana los mejores consejos para pasear por B\u00e9lgica a dos ruedas y sin motor.<\/p>\n<p>Escuchar:\u00a0<a href=\"http:\/\/radioalma.eu\/bruselas\/files\/2013\/11\/Bicis.mp3\">Bicis<\/a><\/p>\n","protected":false},"excerpt":{"rendered":"<div class=\"mh-excerpt\"><p>De todos es sabido que la bicicleta es un medio de transporte casi tan utilizado como el coche para desplazarse por ciudad. Pero es que adem\u00e1s, los veloc\u00edpedos son \u00fanicos para hacer excursiones a los <a class=\"mh-excerpt-more\" href=\"https:\/\/radioalma.eu\/bruselas\/2013\/11\/12\/pedaleando-por-bruselas\/\" title=\"Pedaleando por Bruselas\">[&#8230;]<\/a><\/p>\n<\/div>","protected":false},"author":51,"featured_media":1006,"comment_status":"open","ping_status":"open","sticky":false,"template":"","format":"standard","meta":{"footnotes":""},"categories":[26],"tags":[28,22],"class_list":{"0":"post-1004","1":"post","2":"type-post","3":"status-publish","4":"format-standard","5":"has-post-thumbnail","7":"category-agenda-cultural","8":"tag-belgica","9":"tag-tertulia"},"_links":{"self":[{"href":"https:\/\/radioalma.eu\/bruselas\/wp-json\/wp\/v2\/posts\/1004","targetHints":{"allow":["GET"]}}],"collection":[{"href":"https:\/\/radioalma.eu\/bruselas\/wp-json\/wp\/v2\/posts"}],"about":[{"href":"https:\/\/radioalma.eu\/bruselas\/wp-json\/wp\/v2\/types\/post"}],"author":[{"embeddable":true,"href":"https:\/\/radioalma.eu\/bruselas\/wp-json\/wp\/v2\/users\/51"}],"replies":[{"embeddable":true,"href":"https:\/\/radioalma.eu\/bruselas\/wp-json\/wp\/v2\/comments?post=1004"}],"version-history":[{"count":0,"href":"https:\/\/radioalma.eu\/bruselas\/wp-json\/wp\/v2\/posts\/1004\/revisions"}],"wp:featuredmedia":[{"embeddable":true,"href":"https:\/\/radioalma.eu\/bruselas\/wp-json\/wp\/v2\/media\/1006"}],"wp:attachment":[{"href":"https:\/\/radioalma.eu\/bruselas\/wp-json\/wp\/v2\/media?parent=1004"}],"wp:term":[{"taxonomy":"category","embeddable":true,"href":"https:\/\/radioalma.eu\/bruselas\/wp-json\/wp\/v2\/categories?post=1004"},{"taxonomy":"post_tag","embeddable":true,"href":"https:\/\/radioalma.eu\/bruselas\/wp-json\/wp\/v2\/tags?post=1004"}],"curies":[{"name":"wp","href":"https:\/\/api.w.org\/{rel}","templated":true}]}}