{"id":10453,"date":"2023-10-23T11:35:42","date_gmt":"2023-10-23T10:35:42","guid":{"rendered":"https:\/\/radioalma.eu\/bruselas\/?p=10453"},"modified":"2024-08-10T17:27:10","modified_gmt":"2024-08-10T16:27:10","slug":"descubrimos-los-secretos-de-la-bourse-de-la-mano-de-laia-boloix","status":"publish","type":"post","link":"https:\/\/radioalma.eu\/bruselas\/2023\/10\/23\/descubrimos-los-secretos-de-la-bourse-de-la-mano-de-laia-boloix\/","title":{"rendered":"Descubrimos los secretos de la Bourse de la mano de Laia Boloix"},"content":{"rendered":"\n<p>En nuestra secci\u00f3n de arquitectura, salimos del estudio y nos desplazamos hasta el centro de Bruselas para conocer el<strong> edificio de la Bourse.<\/strong> De la mano de <strong>nuestra arquitecta de confianza, Laia Boloix,<\/strong> descubrimos los secretos y curiosidades de este emblem\u00e1tico sitio de la capital.<\/p>\n<p>Era un edificio concedido para las finanzas y fue as\u00ed hasta 1996. A partir de ese a\u00f1o, se empez\u00f3 a utilizar para realizar exposiciones y eventos. Y en la actualidad, se ha desarrollado albergando museos como el &#8216;Belgian Beer World&#8217; y el museo arqueol\u00f3gico. Adem\u00e1s, tiene otras estancias como co-workings restaurantes y mucho m\u00e1s. Sin embargo, Laia se pregunta:<strong> \u00bfqu\u00e9 hubo en ese emplazamiento antes de ser la bolsa de Bruselas? La historia no te dejar\u00e1 indiferente. Te dejamos tres palabras clave: monjes, fuego y prensa.<\/strong> <\/p>\n<p>Conoce toda la historia de este edificio ic\u00f3nico de la mano de Laia Boloix.<\/p>\n<audio class=\"wp-audio-shortcode\" id=\"audio-10453-1\" preload=\"none\" style=\"width: 100%;\" controls=\"controls\"><source type=\"audio\/mpeg\" src=\"https:\/\/www.ivoox.com\/les-promenades-laia-boloix-la-bourse_md_118208903_wp_1.mp3?_=1\" \/><a href=\"https:\/\/www.ivoox.com\/les-promenades-laia-boloix-la-bourse_md_118208903_wp_1.mp3\">https:\/\/www.ivoox.com\/les-promenades-laia-boloix-la-bourse_md_118208903_wp_1.mp3<\/a><\/audio>\n<p>\u00a0<\/p>\n\n\n","protected":false},"excerpt":{"rendered":"<div class=\"mh-excerpt\"><p>En nuestra secci\u00f3n de arquitectura, salimos del estudio y nos desplazamos hasta el centro de Bruselas para conocer el edificio de la Bourse. De la mano de nuestra arquitecta de confianza, Laia Boloix, descubrimos los <a class=\"mh-excerpt-more\" href=\"https:\/\/radioalma.eu\/bruselas\/2023\/10\/23\/descubrimos-los-secretos-de-la-bourse-de-la-mano-de-laia-boloix\/\" title=\"Descubrimos los secretos de la Bourse de la mano de Laia Boloix\">[&#8230;]<\/a><\/p>\n<\/div>","protected":false},"author":51,"featured_media":12368,"comment_status":"open","ping_status":"open","sticky":false,"template":"","format":"standard","meta":{"footnotes":""},"categories":[26,2700],"tags":[829,1745],"class_list":{"0":"post-10453","1":"post","2":"type-post","3":"status-publish","4":"format-standard","5":"has-post-thumbnail","7":"category-agenda-cultural","8":"category-cultura","9":"tag-arquitectura","10":"tag-cultura"},"_links":{"self":[{"href":"https:\/\/radioalma.eu\/bruselas\/wp-json\/wp\/v2\/posts\/10453","targetHints":{"allow":["GET"]}}],"collection":[{"href":"https:\/\/radioalma.eu\/bruselas\/wp-json\/wp\/v2\/posts"}],"about":[{"href":"https:\/\/radioalma.eu\/bruselas\/wp-json\/wp\/v2\/types\/post"}],"author":[{"embeddable":true,"href":"https:\/\/radioalma.eu\/bruselas\/wp-json\/wp\/v2\/users\/51"}],"replies":[{"embeddable":true,"href":"https:\/\/radioalma.eu\/bruselas\/wp-json\/wp\/v2\/comments?post=10453"}],"version-history":[{"count":0,"href":"https:\/\/radioalma.eu\/bruselas\/wp-json\/wp\/v2\/posts\/10453\/revisions"}],"wp:featuredmedia":[{"embeddable":true,"href":"https:\/\/radioalma.eu\/bruselas\/wp-json\/wp\/v2\/media\/12368"}],"wp:attachment":[{"href":"https:\/\/radioalma.eu\/bruselas\/wp-json\/wp\/v2\/media?parent=10453"}],"wp:term":[{"taxonomy":"category","embeddable":true,"href":"https:\/\/radioalma.eu\/bruselas\/wp-json\/wp\/v2\/categories?post=10453"},{"taxonomy":"post_tag","embeddable":true,"href":"https:\/\/radioalma.eu\/bruselas\/wp-json\/wp\/v2\/tags?post=10453"}],"curies":[{"name":"wp","href":"https:\/\/api.w.org\/{rel}","templated":true}]}}