{"id":10522,"date":"2023-11-03T11:36:19","date_gmt":"2023-11-03T10:36:19","guid":{"rendered":"https:\/\/radioalma.eu\/bruselas\/?p=10522"},"modified":"2023-11-03T11:49:26","modified_gmt":"2023-11-03T10:49:26","slug":"el-deporte-local-con-la-roja-de-bruselas-y-el-brussels-cycling-team-protagonistas-del-programa","status":"publish","type":"post","link":"https:\/\/radioalma.eu\/bruselas\/2023\/11\/03\/el-deporte-local-con-la-roja-de-bruselas-y-el-brussels-cycling-team-protagonistas-del-programa\/","title":{"rendered":"El deporte local, con &#8216;La roja de Bruselas&#8217; y el &#8216;Brussels Cycling Team&#8217;, protagonistas del programa"},"content":{"rendered":"\n<p><span style=\"font-weight: 400\">El deporte es una herramienta esencial en la vida de millones de personas alrededor del mundo. Lo dice la ciencia. <\/span><span style=\"font-weight: 400\">Es una de las mejores formas para mantenerse sano, ya que ofrece una amplia gama de beneficios tanto para el cuerpo como para la mente.<\/span><\/p>\n<p><span style=\"font-weight: 400\">Si practicamos deporte de forma regular, con el paso del tiempo, nuestro cuerpo nos lo va a agradecer. No solo por fuera sino tambi\u00e9n por dentro. Por eso, hemos querido hacer de \u00e9l el tema central de esta edici\u00f3n de Bruselas con \u00d1.<\/span><\/p>\n<p><span style=\"font-weight: 400\">A nuestras ya habituales secciones de actualidad, tanto general como deportiva, hemos sumado el punto de vista local. Hablamos con Enrique Marcos, integrante de la Roja de Bruselas, una especie de selecci\u00f3n espa\u00f1ola que compite cada fin de semana del a\u00f1o en la &#8216;Euroleague Brussels&#8217; contra otros combinados nacionales del continente.<\/span><\/p>\n<p><span style=\"font-weight: 400\">Y despu\u00e9s del f\u00fatbol, es el turno del ciclismo. Edu Llarena, integrante del &#8216;Brussels Cycling Team&#8217;, nos desgrana las caracter\u00edsticas del ciclismo en B\u00e9lgica. Adem\u00e1s, relata la manera de funcionar del club, detalla todas sus actividades y explica que hay que hacer para poder unirse y estar al tanto de todo.<\/span><\/p>\n<p><span style=\"font-weight: 400\">Ya en la segunda parte,&nbsp; no dejamos de hablar de deporte, pero adem\u00e1s, le sumamos literatura. Tenemos en nuestro programa a Alberto Aguilar, autor de \u2018Peregrinos\u2019, un libro dedicado al Camino de Santiago en el que relata las historias de las personas que se ha encontrado en su camino.<\/span><\/p>\n<p><span style=\"font-weight: 400\">Y claro, en un programa de Bruselas con \u00d1 no pod\u00eda faltar la cultura. Hablamos de arte urbano. Y es que el espa\u00f1ol Z\u00ebsar Bahamonte es el autor de un mural de 36 metros representando el drag\u00f3n que acompa\u00f1a a San Jorge en Mons. Hablamos con \u00e9l para conocer m\u00e1s de cerca el &#8216;Street art&#8217;, sus peculiaridades en B\u00e9lgica y sus pr\u00f3ximos proyectos.<\/span><\/p>\n<p><span style=\"font-weight: 400\">Y para finalizar el programa, como siempre, entramos a la sala de cine con nuestra experta Ana Mart\u00ednez.<\/span><\/p>\n\n\n","protected":false},"excerpt":{"rendered":"<div class=\"mh-excerpt\"><p>El deporte es una herramienta esencial en la vida de millones de personas alrededor del mundo. Lo dice la ciencia. Es una de las mejores formas para mantenerse sano, ya que ofrece una amplia gama <a class=\"mh-excerpt-more\" href=\"https:\/\/radioalma.eu\/bruselas\/2023\/11\/03\/el-deporte-local-con-la-roja-de-bruselas-y-el-brussels-cycling-team-protagonistas-del-programa\/\" title=\"El deporte local, con &#8216;La roja de Bruselas&#8217; y el &#8216;Brussels Cycling Team&#8217;, protagonistas del programa\">[&#8230;]<\/a><\/p>\n<\/div>","protected":false},"author":51,"featured_media":10526,"comment_status":"open","ping_status":"open","sticky":false,"template":"","format":"standard","meta":{"footnotes":""},"categories":[2751,2700,2750],"tags":[67,1821],"class_list":{"0":"post-10522","1":"post","2":"type-post","3":"status-publish","4":"format-standard","5":"has-post-thumbnail","7":"category-ciclismo","8":"category-cultura","9":"category-deportes","10":"tag-bruselas-2","11":"tag-deporte"},"_links":{"self":[{"href":"https:\/\/radioalma.eu\/bruselas\/wp-json\/wp\/v2\/posts\/10522","targetHints":{"allow":["GET"]}}],"collection":[{"href":"https:\/\/radioalma.eu\/bruselas\/wp-json\/wp\/v2\/posts"}],"about":[{"href":"https:\/\/radioalma.eu\/bruselas\/wp-json\/wp\/v2\/types\/post"}],"author":[{"embeddable":true,"href":"https:\/\/radioalma.eu\/bruselas\/wp-json\/wp\/v2\/users\/51"}],"replies":[{"embeddable":true,"href":"https:\/\/radioalma.eu\/bruselas\/wp-json\/wp\/v2\/comments?post=10522"}],"version-history":[{"count":0,"href":"https:\/\/radioalma.eu\/bruselas\/wp-json\/wp\/v2\/posts\/10522\/revisions"}],"wp:featuredmedia":[{"embeddable":true,"href":"https:\/\/radioalma.eu\/bruselas\/wp-json\/wp\/v2\/media\/10526"}],"wp:attachment":[{"href":"https:\/\/radioalma.eu\/bruselas\/wp-json\/wp\/v2\/media?parent=10522"}],"wp:term":[{"taxonomy":"category","embeddable":true,"href":"https:\/\/radioalma.eu\/bruselas\/wp-json\/wp\/v2\/categories?post=10522"},{"taxonomy":"post_tag","embeddable":true,"href":"https:\/\/radioalma.eu\/bruselas\/wp-json\/wp\/v2\/tags?post=10522"}],"curies":[{"name":"wp","href":"https:\/\/api.w.org\/{rel}","templated":true}]}}