{"id":10597,"date":"2023-11-13T13:01:06","date_gmt":"2023-11-13T12:01:06","guid":{"rendered":"https:\/\/radioalma.eu\/bruselas\/?p=10597"},"modified":"2023-11-14T16:32:28","modified_gmt":"2023-11-14T15:32:28","slug":"el-gran-reparto-llega-pedaleando-a-bruselas-para-reivindicar-los-derechos-de-los-riders","status":"publish","type":"post","link":"https:\/\/radioalma.eu\/bruselas\/2023\/11\/13\/el-gran-reparto-llega-pedaleando-a-bruselas-para-reivindicar-los-derechos-de-los-riders\/","title":{"rendered":"&#8216;El gran reparto&#8217; llega pedaleando a Bruselas para reivindicar los derechos de los &#8216;Riders&#8217;"},"content":{"rendered":"\n<p><span style=\"font-weight: 400\">La semana pasada, un grupo de <strong>ocho repartidores de plataformas como Uber o Deliveroo se subieron a sus bicicletas para pedalear desde Par\u00eds hasta Bruselas.<\/strong> Bajo el nombre de \u2018el gran reparto\u2019, el objetivo de estos empleados venidos de seis pa\u00edses diferentes (entre ellos, Espa\u00f1a) es protestar por sus condiciones laborales y presionar a la Uni\u00f3n Europea para que legisle a favor de los derechos de este tipo de trabajadores.<\/span><\/p>\n<p><span style=\"font-weight: 400\">Esta acci\u00f3n no es casualidad sino que<strong> Bruselas ha estado negociando una directiva<\/strong> que imponga que este tipo de empleados se conviertan en asalariados. <\/span><span style=\"font-weight: 400\">El pasado jueves, pudimos hablar con <strong>Felipe Corredor<\/strong>, uno de los participantes de &#8216;el gran reparto&#8217;, para conocer m\u00e1s a fondo la iniciativa, sus peticiones y todo lo que se reivindica desde este sector.<\/span><\/p>\n<audio class=\"wp-audio-shortcode\" id=\"audio-10597-1\" preload=\"none\" style=\"width: 100%;\" controls=\"controls\"><source type=\"audio\/mpeg\" src=\"https:\/\/www.ivoox.com\/entrevista-felipe-corredor-plataforma-riders-x-derechos_md_119364543_wp_1.mp3?_=1\" \/><a href=\"https:\/\/www.ivoox.com\/entrevista-felipe-corredor-plataforma-riders-x-derechos_md_119364543_wp_1.mp3\">https:\/\/www.ivoox.com\/entrevista-felipe-corredor-plataforma-riders-x-derechos_md_119364543_wp_1.mp3<\/a><\/audio>\n<p>\u00a0<\/p>\n","protected":false},"excerpt":{"rendered":"<div class=\"mh-excerpt\"><p>La semana pasada, un grupo de ocho repartidores de plataformas como Uber o Deliveroo se subieron a sus bicicletas para pedalear desde Par\u00eds hasta Bruselas. Bajo el nombre de \u2018el gran reparto\u2019, el objetivo de <a class=\"mh-excerpt-more\" href=\"https:\/\/radioalma.eu\/bruselas\/2023\/11\/13\/el-gran-reparto-llega-pedaleando-a-bruselas-para-reivindicar-los-derechos-de-los-riders\/\" title=\"&#8216;El gran reparto&#8217; llega pedaleando a Bruselas para reivindicar los derechos de los &#8216;Riders&#8217;\">[&#8230;]<\/a><\/p>\n<\/div>","protected":false},"author":51,"featured_media":10599,"comment_status":"open","ping_status":"open","sticky":false,"template":"","format":"standard","meta":{"footnotes":""},"categories":[2697,2704],"tags":[67,2776],"class_list":{"0":"post-10597","1":"post","2":"type-post","3":"status-publish","4":"format-standard","5":"has-post-thumbnail","7":"category-europa","8":"category-social","9":"tag-bruselas-2","10":"tag-derechos"},"_links":{"self":[{"href":"https:\/\/radioalma.eu\/bruselas\/wp-json\/wp\/v2\/posts\/10597","targetHints":{"allow":["GET"]}}],"collection":[{"href":"https:\/\/radioalma.eu\/bruselas\/wp-json\/wp\/v2\/posts"}],"about":[{"href":"https:\/\/radioalma.eu\/bruselas\/wp-json\/wp\/v2\/types\/post"}],"author":[{"embeddable":true,"href":"https:\/\/radioalma.eu\/bruselas\/wp-json\/wp\/v2\/users\/51"}],"replies":[{"embeddable":true,"href":"https:\/\/radioalma.eu\/bruselas\/wp-json\/wp\/v2\/comments?post=10597"}],"version-history":[{"count":0,"href":"https:\/\/radioalma.eu\/bruselas\/wp-json\/wp\/v2\/posts\/10597\/revisions"}],"wp:featuredmedia":[{"embeddable":true,"href":"https:\/\/radioalma.eu\/bruselas\/wp-json\/wp\/v2\/media\/10599"}],"wp:attachment":[{"href":"https:\/\/radioalma.eu\/bruselas\/wp-json\/wp\/v2\/media?parent=10597"}],"wp:term":[{"taxonomy":"category","embeddable":true,"href":"https:\/\/radioalma.eu\/bruselas\/wp-json\/wp\/v2\/categories?post=10597"},{"taxonomy":"post_tag","embeddable":true,"href":"https:\/\/radioalma.eu\/bruselas\/wp-json\/wp\/v2\/tags?post=10597"}],"curies":[{"name":"wp","href":"https:\/\/api.w.org\/{rel}","templated":true}]}}