{"id":10733,"date":"2023-12-04T12:28:21","date_gmt":"2023-12-04T11:28:21","guid":{"rendered":"https:\/\/radioalma.eu\/bruselas\/?p=10733"},"modified":"2023-12-04T12:28:24","modified_gmt":"2023-12-04T11:28:24","slug":"coria-castillo-trae-un-monologo-lleno-de-humor-sobre-los-estereotipos-sociales","status":"publish","type":"post","link":"https:\/\/radioalma.eu\/bruselas\/2023\/12\/04\/coria-castillo-trae-un-monologo-lleno-de-humor-sobre-los-estereotipos-sociales\/","title":{"rendered":"Coria Castillo trae un mon\u00f3logo lleno de humor sobre los estereotipos sociales"},"content":{"rendered":"\n<p>La \u00faltima invitada de <strong><a href=\"https:\/\/www.comediaenbruselas.es\/\">Comedia en Bruselas<\/a><\/strong> del 2023 se llama <strong>Coria Castillo<\/strong> y llega a la capital preparada para hacernos llorar de la risa con <strong>un mon\u00f3logo en el que va a abordar diferentes estereotipos de la sociedad.<\/strong> Su show tendr\u00e1 lugar el<strong> s\u00e1bado 16 de diciembre en el Hotel Aloft<\/strong> y las entradas est\u00e1n volando.<\/p>\n<p>Coria es actriz y humorista y <strong>lleva desde los 13 a\u00f1os en los escenarios<\/strong>. Ha ganado diversos concursos de mon\u00f3logos a nivel nacional. Entre ellos, el de la Cadena SER que le vali\u00f3 para ser colaboradora durante dos a\u00f1os en <strong><em>Hoy por hoy Madrid<\/em><\/strong>. Adem\u00e1s de comedia ha hecho circo. De hecho, estuvo de gira por Espa\u00f1a y M\u00e9xico con un espect\u00e1culo circense y <strong>actualmente colabora en Cadena Dial.<\/strong><\/p>\n<p>En televisi\u00f3n, ha participado en <em>Las que faltaban, Dar cera, pulir cero<\/em> e<em> Ilustres ignorantes<\/em> de Movistar+. Adem\u00e1s ha grabado especiales de comedia para plataformas como Amazon Prime, Pi Beta Lambda y \u00c0 Punt. En 2022, <strong>protagoniz\u00f3 la serie<em> F\u00e1cil<\/em> y consigui\u00f3 una nominaci\u00f3n como mejor int\u00e9rprete femenina en los Premios Feroz 2023.<\/strong><\/p>\n<p>Para conocer todos los detalles de su show, las peculiaridades de su humor y mucho m\u00e1s, la tuvimos en nuestro programa el pasado s\u00e1bado.<\/p>\n<audio class=\"wp-audio-shortcode\" id=\"audio-10733-1\" preload=\"none\" style=\"width: 100%;\" controls=\"controls\"><source type=\"audio\/mpeg\" src=\"https:\/\/www.ivoox.com\/entrevista-coria-castillo-humorista_md_120506480_wp_1.mp3?_=1\" \/><a href=\"https:\/\/www.ivoox.com\/entrevista-coria-castillo-humorista_md_120506480_wp_1.mp3\">https:\/\/www.ivoox.com\/entrevista-coria-castillo-humorista_md_120506480_wp_1.mp3<\/a><\/audio>\n<p>\u00a0<\/p>\n","protected":false},"excerpt":{"rendered":"<div class=\"mh-excerpt\"><p>La \u00faltima invitada de Comedia en Bruselas del 2023 se llama Coria Castillo y llega a la capital preparada para hacernos llorar de la risa con un mon\u00f3logo en el que va a abordar diferentes <a class=\"mh-excerpt-more\" href=\"https:\/\/radioalma.eu\/bruselas\/2023\/12\/04\/coria-castillo-trae-un-monologo-lleno-de-humor-sobre-los-estereotipos-sociales\/\" title=\"Coria Castillo trae un mon\u00f3logo lleno de humor sobre los estereotipos sociales\">[&#8230;]<\/a><\/p>\n<\/div>","protected":false},"author":109,"featured_media":10734,"comment_status":"open","ping_status":"open","sticky":false,"template":"","format":"standard","meta":{"footnotes":""},"categories":[26],"tags":[2758],"class_list":{"0":"post-10733","1":"post","2":"type-post","3":"status-publish","4":"format-standard","5":"has-post-thumbnail","7":"category-agenda-cultural","8":"tag-comedia"},"_links":{"self":[{"href":"https:\/\/radioalma.eu\/bruselas\/wp-json\/wp\/v2\/posts\/10733","targetHints":{"allow":["GET"]}}],"collection":[{"href":"https:\/\/radioalma.eu\/bruselas\/wp-json\/wp\/v2\/posts"}],"about":[{"href":"https:\/\/radioalma.eu\/bruselas\/wp-json\/wp\/v2\/types\/post"}],"author":[{"embeddable":true,"href":"https:\/\/radioalma.eu\/bruselas\/wp-json\/wp\/v2\/users\/109"}],"replies":[{"embeddable":true,"href":"https:\/\/radioalma.eu\/bruselas\/wp-json\/wp\/v2\/comments?post=10733"}],"version-history":[{"count":0,"href":"https:\/\/radioalma.eu\/bruselas\/wp-json\/wp\/v2\/posts\/10733\/revisions"}],"wp:featuredmedia":[{"embeddable":true,"href":"https:\/\/radioalma.eu\/bruselas\/wp-json\/wp\/v2\/media\/10734"}],"wp:attachment":[{"href":"https:\/\/radioalma.eu\/bruselas\/wp-json\/wp\/v2\/media?parent=10733"}],"wp:term":[{"taxonomy":"category","embeddable":true,"href":"https:\/\/radioalma.eu\/bruselas\/wp-json\/wp\/v2\/categories?post=10733"},{"taxonomy":"post_tag","embeddable":true,"href":"https:\/\/radioalma.eu\/bruselas\/wp-json\/wp\/v2\/tags?post=10733"}],"curies":[{"name":"wp","href":"https:\/\/api.w.org\/{rel}","templated":true}]}}