{"id":1098,"date":"2013-12-10T12:05:39","date_gmt":"2013-12-10T11:05:39","guid":{"rendered":"http:\/\/radioalma.eu\/bruselas\/?p=1098"},"modified":"2013-12-10T12:05:39","modified_gmt":"2013-12-10T11:05:39","slug":"maria-jesus-segura-de-daroca-a-bruselas","status":"publish","type":"post","link":"https:\/\/radioalma.eu\/bruselas\/2013\/12\/10\/maria-jesus-segura-de-daroca-a-bruselas\/","title":{"rendered":"Mar\u00eda Jes\u00fas Segura, de Daroca a Bruselas"},"content":{"rendered":"<p><a href=\"http:\/\/radioalma.eu\/bruselas\/files\/2013\/12\/Mar\u00edaJes\u00fas.jpg\"><img fetchpriority=\"high\" decoding=\"async\" class=\"alignleft size-medium wp-image-1100\" alt=\"Mar\u00edaJes\u00fas\" src=\"http:\/\/radioalma.eu\/bruselas\/files\/2013\/12\/Mar\u00edaJes\u00fas-300x225.jpg\" width=\"300\" height=\"225\" srcset=\"https:\/\/radioalma.eu\/bruselas\/files\/2013\/12\/Mar\u00edaJes\u00fas-300x225.jpg 300w, https:\/\/radioalma.eu\/bruselas\/files\/2013\/12\/Mar\u00edaJes\u00fas-1024x768.jpg 1024w, https:\/\/radioalma.eu\/bruselas\/files\/2013\/12\/Mar\u00edaJes\u00fas-768x576.jpg 768w, https:\/\/radioalma.eu\/bruselas\/files\/2013\/12\/Mar\u00edaJes\u00fas-1536x1152.jpg 1536w, https:\/\/radioalma.eu\/bruselas\/files\/2013\/12\/Mar\u00edaJes\u00fas-2048x1536.jpg 2048w, https:\/\/radioalma.eu\/bruselas\/files\/2013\/12\/Mar\u00edaJes\u00fas-678x509.jpg 678w, https:\/\/radioalma.eu\/bruselas\/files\/2013\/12\/Mar\u00edaJes\u00fas-326x245.jpg 326w, https:\/\/radioalma.eu\/bruselas\/files\/2013\/12\/Mar\u00edaJes\u00fas-80x60.jpg 80w, https:\/\/radioalma.eu\/bruselas\/files\/2013\/12\/Mar\u00edaJes\u00fas-900x675.jpg 900w\" sizes=\"(max-width: 300px) 100vw, 300px\" \/><\/a>Nuestra invitada de la semana es una abogada darocense que lleva doce a\u00f1os viviendo en Bruselas. Originaria de un pueblo de Zaragoza que lleva por nombre Daroca, Mar\u00eda Jes\u00fas se siente tan arraigada en su pueblo que junto a su marido, alem\u00e1n, est\u00e1 construyendo all\u00ed un aparthotel para disfrutar algunos meses al a\u00f1o. Mientras tanto, en Bruselas, preside la asociaci\u00f3n de Amigos de Arag\u00f3n.<\/p>\n<p>Escuchar:\u00a0<a href=\"http:\/\/radioalma.eu\/bruselas\/files\/2013\/12\/Mar\u00eda-Jes\u00fas-Segura.mp3\">Mar\u00eda Jes\u00fas Segura<\/a><\/p>\n","protected":false},"excerpt":{"rendered":"<div class=\"mh-excerpt\">Nuestra invitada de la semana es una abogada darocense que lleva doce a\u00f1os viviendo en Bruselas. Originaria de un pueblo de Zaragoza que lleva por nombre Daroca, Mar\u00eda Jes\u00fas se siente tan arraigada en su <a class=\"mh-excerpt-more\" href=\"https:\/\/radioalma.eu\/bruselas\/2013\/12\/10\/maria-jesus-segura-de-daroca-a-bruselas\/\" title=\"Mar\u00eda Jes\u00fas Segura, de Daroca a Bruselas\">[&#8230;]<\/a><\/div>\n","protected":false},"author":51,"featured_media":1100,"comment_status":"open","ping_status":"open","sticky":false,"template":"","format":"standard","meta":{"footnotes":""},"categories":[29],"tags":[393,394,392],"class_list":["post-1098","post","type-post","status-publish","format-standard","has-post-thumbnail","category-protagonista-de-la-semana","tag-amigos-de-aragon","tag-daroca","tag-maria-jesus-segura"],"_links":{"self":[{"href":"https:\/\/radioalma.eu\/bruselas\/wp-json\/wp\/v2\/posts\/1098","targetHints":{"allow":["GET"]}}],"collection":[{"href":"https:\/\/radioalma.eu\/bruselas\/wp-json\/wp\/v2\/posts"}],"about":[{"href":"https:\/\/radioalma.eu\/bruselas\/wp-json\/wp\/v2\/types\/post"}],"author":[{"embeddable":true,"href":"https:\/\/radioalma.eu\/bruselas\/wp-json\/wp\/v2\/users\/51"}],"replies":[{"embeddable":true,"href":"https:\/\/radioalma.eu\/bruselas\/wp-json\/wp\/v2\/comments?post=1098"}],"version-history":[{"count":0,"href":"https:\/\/radioalma.eu\/bruselas\/wp-json\/wp\/v2\/posts\/1098\/revisions"}],"wp:featuredmedia":[{"embeddable":true,"href":"https:\/\/radioalma.eu\/bruselas\/wp-json\/wp\/v2\/media\/1100"}],"wp:attachment":[{"href":"https:\/\/radioalma.eu\/bruselas\/wp-json\/wp\/v2\/media?parent=1098"}],"wp:term":[{"taxonomy":"category","embeddable":true,"href":"https:\/\/radioalma.eu\/bruselas\/wp-json\/wp\/v2\/categories?post=1098"},{"taxonomy":"post_tag","embeddable":true,"href":"https:\/\/radioalma.eu\/bruselas\/wp-json\/wp\/v2\/tags?post=1098"}],"curies":[{"name":"wp","href":"https:\/\/api.w.org\/{rel}","templated":true}]}}