{"id":11035,"date":"2024-02-12T11:49:30","date_gmt":"2024-02-12T10:49:30","guid":{"rendered":"https:\/\/radioalma.eu\/bruselas\/?p=11035"},"modified":"2024-02-23T14:38:57","modified_gmt":"2024-02-23T13:38:57","slug":"cine-con-ana-martinez-los-goya","status":"publish","type":"post","link":"https:\/\/radioalma.eu\/bruselas\/2024\/02\/12\/cine-con-ana-martinez-los-goya\/","title":{"rendered":"Cine con Ana Mart\u00ednez: Los Goya"},"content":{"rendered":"\n<p>Como cada programa, tuvimos en nuestros micr\u00f3fonos a nuestra experta en cine Ana Mart\u00ednez. Con ella, conocimos la lista de los nominados a los<strong> Premios Goya<\/strong> y valoramos las pel\u00edculas que optaban al premio.<\/p>\n<p>Escucha la secci\u00f3n completa:<\/p>\n<audio class=\"wp-audio-shortcode\" id=\"audio-11035-1\" preload=\"none\" style=\"width: 100%;\" controls=\"controls\"><source type=\"audio\/mpeg\" src=\"https:\/\/www.ivoox.com\/cine-ana-martinez-edicion-goya_md_124115033_wp_1.mp3?_=1\" \/><a href=\"https:\/\/www.ivoox.com\/cine-ana-martinez-edicion-goya_md_124115033_wp_1.mp3\">https:\/\/www.ivoox.com\/cine-ana-martinez-edicion-goya_md_124115033_wp_1.mp3<\/a><\/audio>\n<p>\u00a0<\/p>\n\n\n","protected":false},"excerpt":{"rendered":"<div class=\"mh-excerpt\"><p>Como cada programa, tuvimos en nuestros micr\u00f3fonos a nuestra experta en cine Ana Mart\u00ednez. Con ella, conocimos la lista de los nominados a los Premios Goya y valoramos las pel\u00edculas que optaban al premio. Escucha <a class=\"mh-excerpt-more\" href=\"https:\/\/radioalma.eu\/bruselas\/2024\/02\/12\/cine-con-ana-martinez-los-goya\/\" title=\"Cine con Ana Mart\u00ednez: Los Goya\">[&#8230;]<\/a><\/p>\n<\/div>","protected":false},"author":51,"featured_media":11137,"comment_status":"open","ping_status":"open","sticky":false,"template":"","format":"standard","meta":{"footnotes":""},"categories":[26,2700],"tags":[40,1267],"class_list":{"0":"post-11035","1":"post","2":"type-post","3":"status-publish","4":"format-standard","5":"has-post-thumbnail","7":"category-agenda-cultural","8":"category-cultura","9":"tag-cine","10":"tag-goya"},"_links":{"self":[{"href":"https:\/\/radioalma.eu\/bruselas\/wp-json\/wp\/v2\/posts\/11035","targetHints":{"allow":["GET"]}}],"collection":[{"href":"https:\/\/radioalma.eu\/bruselas\/wp-json\/wp\/v2\/posts"}],"about":[{"href":"https:\/\/radioalma.eu\/bruselas\/wp-json\/wp\/v2\/types\/post"}],"author":[{"embeddable":true,"href":"https:\/\/radioalma.eu\/bruselas\/wp-json\/wp\/v2\/users\/51"}],"replies":[{"embeddable":true,"href":"https:\/\/radioalma.eu\/bruselas\/wp-json\/wp\/v2\/comments?post=11035"}],"version-history":[{"count":0,"href":"https:\/\/radioalma.eu\/bruselas\/wp-json\/wp\/v2\/posts\/11035\/revisions"}],"wp:featuredmedia":[{"embeddable":true,"href":"https:\/\/radioalma.eu\/bruselas\/wp-json\/wp\/v2\/media\/11137"}],"wp:attachment":[{"href":"https:\/\/radioalma.eu\/bruselas\/wp-json\/wp\/v2\/media?parent=11035"}],"wp:term":[{"taxonomy":"category","embeddable":true,"href":"https:\/\/radioalma.eu\/bruselas\/wp-json\/wp\/v2\/categories?post=11035"},{"taxonomy":"post_tag","embeddable":true,"href":"https:\/\/radioalma.eu\/bruselas\/wp-json\/wp\/v2\/tags?post=11035"}],"curies":[{"name":"wp","href":"https:\/\/api.w.org\/{rel}","templated":true}]}}