{"id":11070,"date":"2024-02-19T11:13:17","date_gmt":"2024-02-19T10:13:17","guid":{"rendered":"https:\/\/radioalma.eu\/bruselas\/?p=11070"},"modified":"2024-02-19T14:41:16","modified_gmt":"2024-02-19T13:41:16","slug":"un-tour-por-bruselas-y-los-espacios-verdes-amenazados-protagonizan-el-ultimo-programa","status":"publish","type":"post","link":"https:\/\/radioalma.eu\/bruselas\/2024\/02\/19\/un-tour-por-bruselas-y-los-espacios-verdes-amenazados-protagonizan-el-ultimo-programa\/","title":{"rendered":"Un tour por Bruselas y los espacios verdes amenazados protagonizan el \u00faltimo programa"},"content":{"rendered":"\n<p>En el \u00faltimo programa, recibimos en el estudio a dos de los integrantes de<a href=\"http:\/\/wearenature.brussels\/\"> <strong>We are Nature Brussels<\/strong><\/a>, un <strong>colectivo que lucha por conservar los espacios verdes de la capital<\/strong> y que ha llevado a la regi\u00f3n ante los tribunales. En una animada entrevista, conocimos sus demandas y reivindicaciones.<\/p>\n<p>Despu\u00e9s, seguimos hablando de lugares de Bruselas pero lo hicimos m\u00e1s alejados de la naturaleza. Nos fuimos al <strong>barrio europeo para hacer un tour con Alfredo, uno de los gu\u00edas tur\u00edsticos de la capital.<\/strong><\/p>\n<audio class=\"wp-audio-shortcode\" id=\"audio-11070-1\" preload=\"none\" style=\"width: 100%;\" controls=\"controls\"><source type=\"audio\/mpeg\" src=\"https:\/\/www.ivoox.com\/bruselas-n-17-02-24-parte-i_md_124491135_wp_1.mp3?_=1\" \/><a href=\"https:\/\/www.ivoox.com\/bruselas-n-17-02-24-parte-i_md_124491135_wp_1.mp3\">https:\/\/www.ivoox.com\/bruselas-n-17-02-24-parte-i_md_124491135_wp_1.mp3<\/a><\/audio>\n<p>En la segunda parte, nos subimos al escenario para conocer a la <strong>reci\u00e9n creada compa\u00f1\u00eda teatral <a href=\"https:\/\/unabuenaobra.org\/\">&#8216;Una buena obra&#8217;.<\/a><\/strong> Su director y elenco vino a presentar su primer montaje: \u00ab100 m2, el inconveniente\u00bb. <strong>Todos los beneficios recaudados con la venta de entradas ir\u00e1n destinados a la Asociaci\u00f3n Espa\u00f1ola contra el C\u00e1ncer.<\/strong><\/p>\n<p>Del teatro pasamos a la<strong> literatura con Maria Dulcer Kugler<\/strong>, una <strong>escritora que imparte cursos de escritura creativ<\/strong>a en Metaprosa. Sin dejar de lado la literatura, nos fuimos hasta el <strong>Instituto Cervantes<\/strong> para grabar una nueva secci\u00f3n de <strong>&#8216;Verso de Portada&#8217;<\/strong>. En esta ocasi\u00f3n, S\u00edlvia Montero nos habl\u00f3 de<strong> libros que tratan sobre libros.<\/strong><\/p>\n<p>Y de la biblioteca a la <strong>sala de cine<\/strong>. Con nuestra experta Ana Mart\u00ednez <strong>repasamos los Goya, las pel\u00edculas de los Oscar que hemos visto y los estrenos de las carteleras belgas.<\/strong><\/p>\n<audio class=\"wp-audio-shortcode\" id=\"audio-11070-2\" preload=\"none\" style=\"width: 100%;\" controls=\"controls\"><source type=\"audio\/mpeg\" src=\"https:\/\/www.ivoox.com\/bruselas-n-17-02-24-parte-ii_md_124491275_wp_1.mp3?_=2\" \/><a href=\"https:\/\/www.ivoox.com\/bruselas-n-17-02-24-parte-ii_md_124491275_wp_1.mp3\">https:\/\/www.ivoox.com\/bruselas-n-17-02-24-parte-ii_md_124491275_wp_1.mp3<\/a><\/audio>\n<p>\u00a0<\/p>\n<p>\u00a0<\/p>\n","protected":false},"excerpt":{"rendered":"<div class=\"mh-excerpt\"><p>En el \u00faltimo programa, recibimos en el estudio a dos de los integrantes de We are Nature Brussels, un colectivo que lucha por conservar los espacios verdes de la capital y que ha llevado a <a class=\"mh-excerpt-more\" href=\"https:\/\/radioalma.eu\/bruselas\/2024\/02\/19\/un-tour-por-bruselas-y-los-espacios-verdes-amenazados-protagonizan-el-ultimo-programa\/\" title=\"Un tour por Bruselas y los espacios verdes amenazados protagonizan el \u00faltimo programa\">[&#8230;]<\/a><\/p>\n<\/div>","protected":false},"author":51,"featured_media":11071,"comment_status":"open","ping_status":"open","sticky":false,"template":"","format":"standard","meta":{"footnotes":""},"categories":[2704],"tags":[973],"class_list":{"0":"post-11070","1":"post","2":"type-post","3":"status-publish","4":"format-standard","5":"has-post-thumbnail","7":"category-social","8":"tag-naturaleza"},"_links":{"self":[{"href":"https:\/\/radioalma.eu\/bruselas\/wp-json\/wp\/v2\/posts\/11070","targetHints":{"allow":["GET"]}}],"collection":[{"href":"https:\/\/radioalma.eu\/bruselas\/wp-json\/wp\/v2\/posts"}],"about":[{"href":"https:\/\/radioalma.eu\/bruselas\/wp-json\/wp\/v2\/types\/post"}],"author":[{"embeddable":true,"href":"https:\/\/radioalma.eu\/bruselas\/wp-json\/wp\/v2\/users\/51"}],"replies":[{"embeddable":true,"href":"https:\/\/radioalma.eu\/bruselas\/wp-json\/wp\/v2\/comments?post=11070"}],"version-history":[{"count":0,"href":"https:\/\/radioalma.eu\/bruselas\/wp-json\/wp\/v2\/posts\/11070\/revisions"}],"wp:featuredmedia":[{"embeddable":true,"href":"https:\/\/radioalma.eu\/bruselas\/wp-json\/wp\/v2\/media\/11071"}],"wp:attachment":[{"href":"https:\/\/radioalma.eu\/bruselas\/wp-json\/wp\/v2\/media?parent=11070"}],"wp:term":[{"taxonomy":"category","embeddable":true,"href":"https:\/\/radioalma.eu\/bruselas\/wp-json\/wp\/v2\/categories?post=11070"},{"taxonomy":"post_tag","embeddable":true,"href":"https:\/\/radioalma.eu\/bruselas\/wp-json\/wp\/v2\/tags?post=11070"}],"curies":[{"name":"wp","href":"https:\/\/api.w.org\/{rel}","templated":true}]}}