{"id":11461,"date":"2024-04-02T10:24:13","date_gmt":"2024-04-02T09:24:13","guid":{"rendered":"https:\/\/radioalma.eu\/bruselas\/?p=11461"},"modified":"2024-04-02T13:58:05","modified_gmt":"2024-04-02T12:58:05","slug":"en-verso-de-portada-recomendamos-lecturas-en-las-que-la-naturaleza-ocupa-un-lugar-central","status":"publish","type":"post","link":"https:\/\/radioalma.eu\/bruselas\/2024\/04\/02\/en-verso-de-portada-recomendamos-lecturas-en-las-que-la-naturaleza-ocupa-un-lugar-central\/","title":{"rendered":"En &#8216;Verso de Portada&#8217;, recomendamos lecturas en las que la naturaleza ocupa un lugar central"},"content":{"rendered":"\n<p><span style=\"font-weight: 400\"><strong>Liternatura o Nature Writing<\/strong> as\u00ed se ha llamado al g\u00e9nero literario que pone la <strong>naturaleza en el centro de la historia mientras se entremezcla con reflexiones personales del autor o autora.<\/strong> Una persona que deja la vida en la ciudad para irse al campo, el relato de la vida en el pueblo, los cambios en la el planeta a causa del cambio clim\u00e1tico&#8230; Estos son algunos de los temas que aparecen en las obras que siguen este g\u00e9nero tan popular en la actualidad y que<strong> tambi\u00e9n tiene por misi\u00f3n concienciar sobre los peligros a los que se enfrenta el mundo natural.<\/strong> <\/span><\/p>\n<p><span style=\"font-weight: 400\">Gracias a la responsable de la biblioteca del\u00a0 <a href=\"https:\/\/bruselas.cervantes.es\/es\/default.shtm\">Instituto Cervantes<\/a>, S\u00edlvia Montero, descubrimos todas las caracter\u00edsticas de estas creaciones y multitud de recomendaciones: <strong><em>Tierra de mujeres, Canto yo y la montana baila, Hacia Rutas Salvajes, Delta y muchas m\u00e1s.<\/em><\/strong><\/span><\/p>\n<p><span style=\"font-weight: 400\">Desc\u00fabrelas en nuestra secci\u00f3n:<\/span><\/p>\n<audio class=\"wp-audio-shortcode\" id=\"audio-11461-1\" preload=\"none\" style=\"width: 100%;\" controls=\"controls\"><source type=\"audio\/mpeg\" src=\"https:\/\/www.ivoox.com\/verso-de-portada-silvia-montero-libros-que_md_126840841_wp_1.mp3?_=1\" \/><a href=\"https:\/\/www.ivoox.com\/verso-de-portada-silvia-montero-libros-que_md_126840841_wp_1.mp3\">https:\/\/www.ivoox.com\/verso-de-portada-silvia-montero-libros-que_md_126840841_wp_1.mp3<\/a><\/audio>\n<p>\u00a0<\/p>\n\n\n","protected":false},"excerpt":{"rendered":"<div class=\"mh-excerpt\"><p>Liternatura o Nature Writing as\u00ed se ha llamado al g\u00e9nero literario que pone la naturaleza en el centro de la historia mientras se entremezcla con reflexiones personales del autor o autora. Una persona que deja <a class=\"mh-excerpt-more\" href=\"https:\/\/radioalma.eu\/bruselas\/2024\/04\/02\/en-verso-de-portada-recomendamos-lecturas-en-las-que-la-naturaleza-ocupa-un-lugar-central\/\" title=\"En &#8216;Verso de Portada&#8217;, recomendamos lecturas en las que la naturaleza ocupa un lugar central\">[&#8230;]<\/a><\/p>\n<\/div>","protected":false},"author":51,"featured_media":11462,"comment_status":"open","ping_status":"open","sticky":false,"template":"","format":"standard","meta":{"footnotes":""},"categories":[2700,2731],"tags":[2812,1886],"class_list":{"0":"post-11461","1":"post","2":"type-post","3":"status-publish","4":"format-standard","5":"has-post-thumbnail","7":"category-cultura","8":"category-literatura","9":"tag-lectura","10":"tag-literatura"},"_links":{"self":[{"href":"https:\/\/radioalma.eu\/bruselas\/wp-json\/wp\/v2\/posts\/11461","targetHints":{"allow":["GET"]}}],"collection":[{"href":"https:\/\/radioalma.eu\/bruselas\/wp-json\/wp\/v2\/posts"}],"about":[{"href":"https:\/\/radioalma.eu\/bruselas\/wp-json\/wp\/v2\/types\/post"}],"author":[{"embeddable":true,"href":"https:\/\/radioalma.eu\/bruselas\/wp-json\/wp\/v2\/users\/51"}],"replies":[{"embeddable":true,"href":"https:\/\/radioalma.eu\/bruselas\/wp-json\/wp\/v2\/comments?post=11461"}],"version-history":[{"count":0,"href":"https:\/\/radioalma.eu\/bruselas\/wp-json\/wp\/v2\/posts\/11461\/revisions"}],"wp:featuredmedia":[{"embeddable":true,"href":"https:\/\/radioalma.eu\/bruselas\/wp-json\/wp\/v2\/media\/11462"}],"wp:attachment":[{"href":"https:\/\/radioalma.eu\/bruselas\/wp-json\/wp\/v2\/media?parent=11461"}],"wp:term":[{"taxonomy":"category","embeddable":true,"href":"https:\/\/radioalma.eu\/bruselas\/wp-json\/wp\/v2\/categories?post=11461"},{"taxonomy":"post_tag","embeddable":true,"href":"https:\/\/radioalma.eu\/bruselas\/wp-json\/wp\/v2\/tags?post=11461"}],"curies":[{"name":"wp","href":"https:\/\/api.w.org\/{rel}","templated":true}]}}