{"id":11504,"date":"2024-04-05T11:49:10","date_gmt":"2024-04-05T10:49:10","guid":{"rendered":"https:\/\/radioalma.eu\/bruselas\/?p=11504"},"modified":"2024-04-08T10:06:03","modified_gmt":"2024-04-08T09:06:03","slug":"presentamos-la-23a-edicion-de-les-nocturnes-en-un-programa-con-mucha-cultura","status":"publish","type":"post","link":"https:\/\/radioalma.eu\/bruselas\/2024\/04\/05\/presentamos-la-23a-edicion-de-les-nocturnes-en-un-programa-con-mucha-cultura\/","title":{"rendered":"Presentamos la 23\u00aa edici\u00f3n de &#8216;Les Nocturnes&#8217; en un programa con mucha cultura"},"content":{"rendered":"\n<p><span style=\"font-weight: 400\">En esta edici\u00f3n de \u2018Bruselas con \u00d1\u2019, <strong>repasamos toda la actualidad que ha ocurrido en B\u00e9lgica durante la semana en un programa cargado de contenidos culturales, sociales y deportivos.\u00a0<\/strong><\/span><\/p>\n<p><span style=\"font-weight: 400\">Como tema central del programa, hablamos de museos nocturnos. <strong>Y es que este a\u00f1o celebra su edici\u00f3n n\u00famero 23 de <a href=\"https:\/\/nocturnes.brussels\/fr\/\">\u2018Les Nocturnes\u2019<\/a><\/strong><a href=\"https:\/\/nocturnes.brussels\/fr\/\">,<\/a> en la que una cuarentena de museos de Bruselas se unen para iluminar sus locales durante un horario poco habitual.\u00a0<\/span><\/p>\n<p><span style=\"font-weight: 400\">Tuvimos como invitados a <strong>Ana Zambrano, Back office del <a href=\"https:\/\/planetarium.be\/fr\">Planetarium<\/a> y a Manuel Fernandez, responsable de multimedia del Centro Belga del C\u00f3mic<\/strong>, que nos desvelaron que se podr\u00e1 ver en los respectivos museos en esta edici\u00f3n de \u2018Les Nocturnes\u2019.<\/span><\/p>\n<audio class=\"wp-audio-shortcode\" id=\"audio-11504-1\" preload=\"none\" style=\"width: 100%;\" controls=\"controls\"><source type=\"audio\/mpeg\" src=\"https:\/\/www.ivoox.com\/bruselas-n-06-03-24-parte-i_md_127170606_wp_1.mp3?_=1\" \/><a href=\"https:\/\/www.ivoox.com\/bruselas-n-06-03-24-parte-i_md_127170606_wp_1.mp3\">https:\/\/www.ivoox.com\/bruselas-n-06-03-24-parte-i_md_127170606_wp_1.mp3<\/a><\/audio>\n<p><span style=\"font-weight: 400\">Despu\u00e9s, seguimos hablando de c\u00f3mics con nuestro experto <strong>Daniel Bartual, que nos trajo de vuelta la segunda edici\u00f3n de \u2018La Bedeteca\u2019.<\/strong> En la secci\u00f3n, hablamos sobre Ib\u00e1\u00f1ez y sus similitudes con autores belgas.<\/span><\/p>\n<p><span style=\"font-weight: 400\">Ya en la segunda parte, <strong>en \u2018Pasi\u00f3n Belga\u2019, contamos con un invitado especial: Luis Pasamontes, ex ciclista profesional que disput\u00f3 cl\u00e1sicas como Flandes o Roubaix.<\/strong> Con su testimonio, conocimos c\u00f3mo es correr estas carreras y analizamos lo que dio de s\u00ed el Tour de Flandes y la Par\u00eds-Roubaix.<\/span><\/p>\n<p><span style=\"font-weight: 400\">Despu\u00e9s, cambiamos de asunto. Y es que el tr\u00edo de hermanos <strong><a href=\"https:\/\/cafequijano.com\/conciertos\/cafe-quijano-en-bruselas-2024\/\">\u2018Caf\u00e9 Quijano<\/a>\u2019 viene a Bruselas el jueves 11. Dar\u00e1n un concierto en la Sala Java Zaal.<\/strong> Por este motivo, Ra\u00fal Quijano se pas\u00f3 por nuestros micr\u00f3fonos para hablar sobre el evento.<\/span><\/p>\n<p><span style=\"font-weight: 400\">Tras los libros y la m\u00fasica, nos adentramos de lleno en el cine. <strong>Del 11 al 20 de abril se celebra la segunda edici\u00f3n del Festival <a href=\"https:\/\/cinema-palace.be\/fr\/evenements\/festival-kinolatino-2024\">KINOLATINO<\/a>.<\/strong> Con C\u00e9sar D\u00edaz, miembro del equipo organizador del Festival, conocimos todos los detalles del evento.<\/span><\/p>\n<p><span style=\"font-weight: 400\">Y finalmente, como es habitual, entramos a la sala de cine para conocer los estrenos de las carteleras belgas.<\/span><\/p>\n<audio class=\"wp-audio-shortcode\" id=\"audio-11504-2\" preload=\"none\" style=\"width: 100%;\" controls=\"controls\"><source type=\"audio\/mpeg\" src=\"https:\/\/www.ivoox.com\/bruselas-n-06-04-24-parte-ii_md_127170999_wp_1.mp3?_=2\" \/><a href=\"https:\/\/www.ivoox.com\/bruselas-n-06-04-24-parte-ii_md_127170999_wp_1.mp3\">https:\/\/www.ivoox.com\/bruselas-n-06-04-24-parte-ii_md_127170999_wp_1.mp3<\/a><\/audio>\n<p>\u00a0<\/p>\n\n\n","protected":false},"excerpt":{"rendered":"<div class=\"mh-excerpt\"><p>En esta edici\u00f3n de \u2018Bruselas con \u00d1\u2019, repasamos toda la actualidad que ha ocurrido en B\u00e9lgica durante la semana en un programa cargado de contenidos culturales, sociales y deportivos.\u00a0 Como tema central del programa, hablamos <a class=\"mh-excerpt-more\" href=\"https:\/\/radioalma.eu\/bruselas\/2024\/04\/05\/presentamos-la-23a-edicion-de-les-nocturnes-en-un-programa-con-mucha-cultura\/\" title=\"Presentamos la 23\u00aa edici\u00f3n de &#8216;Les Nocturnes&#8217; en un programa con mucha cultura\">[&#8230;]<\/a><\/p>\n<\/div>","protected":false},"author":51,"featured_media":11505,"comment_status":"open","ping_status":"open","sticky":false,"template":"","format":"standard","meta":{"footnotes":""},"categories":[26,2700],"tags":[1745,1925],"class_list":{"0":"post-11504","1":"post","2":"type-post","3":"status-publish","4":"format-standard","5":"has-post-thumbnail","7":"category-agenda-cultural","8":"category-cultura","9":"tag-cultura","10":"tag-sociedad"},"_links":{"self":[{"href":"https:\/\/radioalma.eu\/bruselas\/wp-json\/wp\/v2\/posts\/11504","targetHints":{"allow":["GET"]}}],"collection":[{"href":"https:\/\/radioalma.eu\/bruselas\/wp-json\/wp\/v2\/posts"}],"about":[{"href":"https:\/\/radioalma.eu\/bruselas\/wp-json\/wp\/v2\/types\/post"}],"author":[{"embeddable":true,"href":"https:\/\/radioalma.eu\/bruselas\/wp-json\/wp\/v2\/users\/51"}],"replies":[{"embeddable":true,"href":"https:\/\/radioalma.eu\/bruselas\/wp-json\/wp\/v2\/comments?post=11504"}],"version-history":[{"count":0,"href":"https:\/\/radioalma.eu\/bruselas\/wp-json\/wp\/v2\/posts\/11504\/revisions"}],"wp:featuredmedia":[{"embeddable":true,"href":"https:\/\/radioalma.eu\/bruselas\/wp-json\/wp\/v2\/media\/11505"}],"wp:attachment":[{"href":"https:\/\/radioalma.eu\/bruselas\/wp-json\/wp\/v2\/media?parent=11504"}],"wp:term":[{"taxonomy":"category","embeddable":true,"href":"https:\/\/radioalma.eu\/bruselas\/wp-json\/wp\/v2\/categories?post=11504"},{"taxonomy":"post_tag","embeddable":true,"href":"https:\/\/radioalma.eu\/bruselas\/wp-json\/wp\/v2\/tags?post=11504"}],"curies":[{"name":"wp","href":"https:\/\/api.w.org\/{rel}","templated":true}]}}