{"id":11559,"date":"2024-04-11T10:31:33","date_gmt":"2024-04-11T09:31:33","guid":{"rendered":"https:\/\/radioalma.eu\/bruselas\/?p=11559"},"modified":"2024-04-11T10:32:32","modified_gmt":"2024-04-11T09:32:32","slug":"bruselas-rinde-homenaje-a-los-brigadistas-internacionales-el-proximo-sabado","status":"publish","type":"post","link":"https:\/\/radioalma.eu\/bruselas\/2024\/04\/11\/bruselas-rinde-homenaje-a-los-brigadistas-internacionales-el-proximo-sabado\/","title":{"rendered":"Bruselas rinde homenaje a los brigadistas internacionales el pr\u00f3ximo s\u00e1bado"},"content":{"rendered":"\n<p><strong>El pr\u00f3ximo domingo 14 de abril se cumplir\u00e1n 92 a\u00f1os de la proclamaci\u00f3n de la Segunda Rep\u00fablica Espa\u00f1ola<\/strong>. Una fecha que marcada en la historia de un pa\u00eds que eligi\u00f3 con sus votos un\u00a0 cambio de r\u00e9gimen, el paso de la monarqu\u00eda a la rep\u00fablica. Seg\u00fan recoge incluso la prensa mon\u00e1rquica de la \u00e9poca, este cambio se produjo de forma pac\u00edfica y en orden sin que se produjera ning\u00fan tipo de altercado. El resto de la historia, ya la conocen los ciudadanos y ciudadanas.<\/p>\n<p>El gobierno de la Segunda Rep\u00fablica Espa\u00f1ola ech\u00f3 a andar, implement\u00f3 sus pol\u00edticas, celebr\u00f3 elecciones y <strong>en 1936 estall\u00f3 la Guerra Civil<\/strong> que se finaliz\u00f3 en 1939 con la victoria de los sublevados. <strong>El franquismo impuso una dictadura basada en el nacionalcatolicismo y la represi\u00f3n<\/strong>, que no finaliz\u00f3 hasta la muerte del dictador en 1975.<\/p>\n<p><strong>Casi un siglo despu\u00e9s de la proclamaci\u00f3n de la Rep\u00fablica, Bruselas le rinde homenaje el pr\u00f3ximo s\u00e1bado 13 de abril<\/strong> con un evento que se alargar\u00e1 hasta la medianoche. La actividad que marcar\u00e1 el inicio de esta jornada ser\u00e1 un<strong> homenaje a los brigadistas internacionales<\/strong> que lucharon en la Guerra Civil. Tendr\u00e1 lugar<strong> a las 11h en el cementerio de Saint-Gilles,<\/strong> ubicado en la avenue du Silence de Uccle.<\/p>\n<p>A las <strong>19h horas el Garc\u00eda Lorca<\/strong> se convertir\u00e1 en el epicentro de las celebraciones con una ponencia a cargo del periodista belga <strong>Sven Tuytens<\/strong> que presentar\u00e1 el libro en el que recoge <strong>la historia de las mam\u00e1s belgas<\/strong>, un grupo de enfermeras de ascendencia jud\u00eda e ideolog\u00eda comunista que lucharon contra el fascismo durante la guerra en el Hospital Militar de Ontinyent.<\/p>\n<p>Despu\u00e9s ser\u00e1 el turno del <strong>cantautor y experto en la figura del poeta Miguel Hern\u00e1ndez, Jos\u00e9 Miguel Arranz<\/strong>. El artista musicar\u00e1 los versos del escritor y presentar\u00e1 otras creaciones de su repertorio. La jornada se alargar\u00e1 hasta bien entrada la medianoche cuando se har\u00e1 un brindis por la Rep\u00fablica.<\/p>\n<p>En una animada entrevista, <strong>charlamos con Jes\u00fas Aguirre, uno de los organizadores del evento, y con Jos\u00e9 Miguel Arranz<\/strong> sobre los brigadistas y su relaci\u00f3n con Miguel Hern\u00e1ndez, la pol\u00edtica cultural y educativa de la Rep\u00fablica y otros temas.<\/p>\n<audio class=\"wp-audio-shortcode\" id=\"audio-11559-1\" preload=\"none\" style=\"width: 100%;\" controls=\"controls\"><source type=\"audio\/mpeg\" src=\"https:\/\/www.ivoox.com\/entrevista-conmemoracion-del-14-abril-jesus-aguirre_md_127394136_wp_1.mp3?_=1\" \/><a href=\"https:\/\/www.ivoox.com\/entrevista-conmemoracion-del-14-abril-jesus-aguirre_md_127394136_wp_1.mp3\">https:\/\/www.ivoox.com\/entrevista-conmemoracion-del-14-abril-jesus-aguirre_md_127394136_wp_1.mp3<\/a><\/audio>\n<p>\u00a0<\/p>\n","protected":false},"excerpt":{"rendered":"<div class=\"mh-excerpt\"><p>El pr\u00f3ximo domingo 14 de abril se cumplir\u00e1n 92 a\u00f1os de la proclamaci\u00f3n de la Segunda Rep\u00fablica Espa\u00f1ola. Una fecha que marcada en la historia de un pa\u00eds que eligi\u00f3 con sus votos un\u00a0 cambio <a class=\"mh-excerpt-more\" href=\"https:\/\/radioalma.eu\/bruselas\/2024\/04\/11\/bruselas-rinde-homenaje-a-los-brigadistas-internacionales-el-proximo-sabado\/\" title=\"Bruselas rinde homenaje a los brigadistas internacionales el pr\u00f3ximo s\u00e1bado\">[&#8230;]<\/a><\/p>\n<\/div>","protected":false},"author":51,"featured_media":11560,"comment_status":"open","ping_status":"open","sticky":false,"template":"","format":"standard","meta":{"footnotes":""},"categories":[26],"tags":[],"class_list":{"0":"post-11559","1":"post","2":"type-post","3":"status-publish","4":"format-standard","5":"has-post-thumbnail","7":"category-agenda-cultural"},"_links":{"self":[{"href":"https:\/\/radioalma.eu\/bruselas\/wp-json\/wp\/v2\/posts\/11559","targetHints":{"allow":["GET"]}}],"collection":[{"href":"https:\/\/radioalma.eu\/bruselas\/wp-json\/wp\/v2\/posts"}],"about":[{"href":"https:\/\/radioalma.eu\/bruselas\/wp-json\/wp\/v2\/types\/post"}],"author":[{"embeddable":true,"href":"https:\/\/radioalma.eu\/bruselas\/wp-json\/wp\/v2\/users\/51"}],"replies":[{"embeddable":true,"href":"https:\/\/radioalma.eu\/bruselas\/wp-json\/wp\/v2\/comments?post=11559"}],"version-history":[{"count":0,"href":"https:\/\/radioalma.eu\/bruselas\/wp-json\/wp\/v2\/posts\/11559\/revisions"}],"wp:featuredmedia":[{"embeddable":true,"href":"https:\/\/radioalma.eu\/bruselas\/wp-json\/wp\/v2\/media\/11560"}],"wp:attachment":[{"href":"https:\/\/radioalma.eu\/bruselas\/wp-json\/wp\/v2\/media?parent=11559"}],"wp:term":[{"taxonomy":"category","embeddable":true,"href":"https:\/\/radioalma.eu\/bruselas\/wp-json\/wp\/v2\/categories?post=11559"},{"taxonomy":"post_tag","embeddable":true,"href":"https:\/\/radioalma.eu\/bruselas\/wp-json\/wp\/v2\/tags?post=11559"}],"curies":[{"name":"wp","href":"https:\/\/api.w.org\/{rel}","templated":true}]}}