{"id":11565,"date":"2024-04-11T09:30:00","date_gmt":"2024-04-11T08:30:00","guid":{"rendered":"https:\/\/radioalma.eu\/bruselas\/?p=11565"},"modified":"2024-04-11T14:08:31","modified_gmt":"2024-04-11T13:08:31","slug":"abordamos-la-actualidad-de-guatemala-aprovechando-la-visita-de-la-fundacion-yaman-kutx","status":"publish","type":"post","link":"https:\/\/radioalma.eu\/bruselas\/2024\/04\/11\/abordamos-la-actualidad-de-guatemala-aprovechando-la-visita-de-la-fundacion-yaman-kutx\/","title":{"rendered":"\u00bfA qu\u00e9 retos se enfrenta Guatemala en la actualidad?"},"content":{"rendered":"\n<p><span style=\"font-weight: 400\">Una delegaci\u00f3n de la<strong><a href=\"https:\/\/fundacionyk.org\/\"> Fundaci\u00f3n Yaman Kutx<\/a><\/strong> ha aterrizado en Bruselas esta semana para reunirse con representantes del Parlamento Europeo, de la Embajada del pa\u00eds en B\u00e9lgica y otras entidades. El objetivo de esta visita a la capital es abordar cuestiones relevantes con varios socios para dise\u00f1ar y ejecutar proyectos de desarrollo sostenible. Para ello, los representantes de la entidad trabajan en colaboraci\u00f3n con la <a href=\"https:\/\/fundacionproverde.org\/\">Fundaci\u00f3n Pro Verde<\/a> y <a href=\"https:\/\/conexxeurope.eu\/\">Conexx-EU<\/a>. <\/span><\/p>\n<p><span style=\"font-weight: 400\">Aprovechando este viaje, <strong>visitaron el estudio de Radio Alma para repasar la actualidad pol\u00edtica del pa\u00eds y los \u00faltimos acontecimientos que se han vivido en relaci\u00f3n con el nuevo gobierno. <br \/><\/strong><\/span><\/p>\n<p><span style=\"font-weight: 400\"><strong>Con Alejandro Canto,<\/strong> director de Conexx-EU, <strong>Lilian Montejo<\/strong>, segunda vocal de la fundaci\u00f3n Yaman Kutx; <strong>Antonio Camposeco<\/strong>, coordinador de proyectos de la entidad y su presidente, <strong>Abraham Delgado<\/strong>,\u00a0 <\/span><span style=\"font-weight: 400\">descubrimos c\u00f3mo la UE\u00a0 supervis\u00f3 el proceso electoral ante el ataque a la democracia del anterior gobierno y abordamos el posicionamiento de la comunidad internacional.\u00a0<\/span><\/p>\n<p><span style=\"font-weight: 400\">Adem\u00e1s, <strong>ahondamos en el tema de la cooperaci\u00f3n al desarrollo en el pa\u00eds<\/strong>, poniendo especial atenci\u00f3n a la\u00a0 pol\u00e9mica que hubo\u00a0 con las ONG defensoras de los derechos humanos.\u00a0<\/span><\/p>\n<p><span style=\"font-weight: 400\">Finalmente,<strong> tambi\u00e9n hubo tiempo para conocer la realidad sobre los pueblos ind\u00edgenas guatemaltecos<\/strong>, ya que la Fundaci\u00f3n Yaman Kutx est\u00e1 radicada en un territorio con fuerte vinculaci\u00f3n a la cultura maya.\u00a0<\/span><\/p>\n\n\n\n<audio class=\"wp-audio-shortcode\" id=\"audio-11565-1\" preload=\"none\" style=\"width: 100%;\" controls=\"controls\"><source type=\"audio\/mpeg\" src=\"https:\/\/www.ivoox.com\/entrevista-alejandro-canto-lilian-montejo-antonio-camposeco-y_md_127402393_wp_1.mp3?_=1\" \/><a href=\"https:\/\/www.ivoox.com\/entrevista-alejandro-canto-lilian-montejo-antonio-camposeco-y_md_127402393_wp_1.mp3\">https:\/\/www.ivoox.com\/entrevista-alejandro-canto-lilian-montejo-antonio-camposeco-y_md_127402393_wp_1.mp3<\/a><\/audio>\n<p>\u00a0<\/p>\n","protected":false},"excerpt":{"rendered":"<div class=\"mh-excerpt\"><p>Una delegaci\u00f3n de la Fundaci\u00f3n Yaman Kutx ha aterrizado en Bruselas esta semana para reunirse con representantes del Parlamento Europeo, de la Embajada del pa\u00eds en B\u00e9lgica y otras entidades. El objetivo de esta visita <a class=\"mh-excerpt-more\" href=\"https:\/\/radioalma.eu\/bruselas\/2024\/04\/11\/abordamos-la-actualidad-de-guatemala-aprovechando-la-visita-de-la-fundacion-yaman-kutx\/\" title=\"\u00bfA qu\u00e9 retos se enfrenta Guatemala en la actualidad?\">[&#8230;]<\/a><\/p>\n<\/div>","protected":false},"author":51,"featured_media":11566,"comment_status":"open","ping_status":"open","sticky":false,"template":"","format":"standard","meta":{"footnotes":""},"categories":[2700,2699],"tags":[1735,2413],"class_list":{"0":"post-11565","1":"post","2":"type-post","3":"status-publish","4":"format-standard","5":"has-post-thumbnail","7":"category-cultura","8":"category-politica","9":"tag-actualidad","10":"tag-guatemala"},"_links":{"self":[{"href":"https:\/\/radioalma.eu\/bruselas\/wp-json\/wp\/v2\/posts\/11565","targetHints":{"allow":["GET"]}}],"collection":[{"href":"https:\/\/radioalma.eu\/bruselas\/wp-json\/wp\/v2\/posts"}],"about":[{"href":"https:\/\/radioalma.eu\/bruselas\/wp-json\/wp\/v2\/types\/post"}],"author":[{"embeddable":true,"href":"https:\/\/radioalma.eu\/bruselas\/wp-json\/wp\/v2\/users\/51"}],"replies":[{"embeddable":true,"href":"https:\/\/radioalma.eu\/bruselas\/wp-json\/wp\/v2\/comments?post=11565"}],"version-history":[{"count":0,"href":"https:\/\/radioalma.eu\/bruselas\/wp-json\/wp\/v2\/posts\/11565\/revisions"}],"wp:featuredmedia":[{"embeddable":true,"href":"https:\/\/radioalma.eu\/bruselas\/wp-json\/wp\/v2\/media\/11566"}],"wp:attachment":[{"href":"https:\/\/radioalma.eu\/bruselas\/wp-json\/wp\/v2\/media?parent=11565"}],"wp:term":[{"taxonomy":"category","embeddable":true,"href":"https:\/\/radioalma.eu\/bruselas\/wp-json\/wp\/v2\/categories?post=11565"},{"taxonomy":"post_tag","embeddable":true,"href":"https:\/\/radioalma.eu\/bruselas\/wp-json\/wp\/v2\/tags?post=11565"}],"curies":[{"name":"wp","href":"https:\/\/api.w.org\/{rel}","templated":true}]}}