{"id":11571,"date":"2024-04-15T09:49:49","date_gmt":"2024-04-15T08:49:49","guid":{"rendered":"https:\/\/radioalma.eu\/bruselas\/?p=11571"},"modified":"2024-04-15T10:05:06","modified_gmt":"2024-04-15T09:05:06","slug":"la-politica-y-los-festivales-grandes-protagonistas-de-un-programa-en-el-que-reina-la-cultura","status":"publish","type":"post","link":"https:\/\/radioalma.eu\/bruselas\/2024\/04\/15\/la-politica-y-los-festivales-grandes-protagonistas-de-un-programa-en-el-que-reina-la-cultura\/","title":{"rendered":"La pol\u00edtica y los festivales, grandes protagonistas de un programa en el que reina la cultura"},"content":{"rendered":"\n<p><span style=\"font-weight: 400\">En esta edici\u00f3n de \u2018Bruselas con \u00d1\u2019, te trajimos toda la actualidad que ocurri\u00f3 en B\u00e9lgica durante la semana en un programa cargado de contenidos pol\u00edticos, culturales, sociales y deportivos.\u00a0<\/span><\/p>\n<p><span style=\"font-weight: 400\">Arrancamos hablando de pol\u00edtica. Y es que, <strong>los residentes en B\u00e9lgica podremos votar en dos elecciones pr\u00f3ximamente: las europeas y las municipales.<\/strong> Es decir, las de nuestra comuna que se celebrar\u00e1n el 13 de octubre.\u00a0<\/span><\/p>\n<p><span style=\"font-weight: 400\">Pero, <strong>\u00bfque hay que hacer para ejercer este derecho? \u00bfDe qu\u00e9 manera influye nuestro ayuntamiento en nuestra vida?<\/strong> Para conocer la respuesta a esta y otras preguntas hablamos con <strong>Bertrand Wert<\/strong>, que forma parte de la iniciativa <strong><a href=\"https:\/\/vote.brussels\/\">vote.brussels<\/a>.<\/strong><\/span><\/p>\n<p><span style=\"font-weight: 400\">Despu\u00e9s, nos fuimos a disfrutar del festival <strong><a href=\"https:\/\/www.balkantrafik.com\/\">Balkan Trafik<\/a>, que se celebrar\u00e1 del 25 al 27 de abril.<\/strong> Para conocer m\u00e1s detalles del proyecto <strong>tuvimos en nuestros micr\u00f3fonos a su organizador, Nicol\u00e1s Wieels.<\/strong> Adem\u00e1s, tambi\u00e9n nos acompa\u00f1\u00f3 <strong>Julien Chanal, miembro de los <a href=\"https:\/\/bgko.org\/?lang=en\">Barcelona Gipsy Balkan Orkestr<\/a>a<\/strong>, uno de los grupos que act\u00faa en el festival.<\/span><\/p>\n<audio class=\"wp-audio-shortcode\" id=\"audio-11571-1\" preload=\"none\" style=\"width: 100%;\" controls=\"controls\"><source type=\"audio\/mpeg\" src=\"https:\/\/www.ivoox.com\/bruselas-n-13-04-24-parte-i_md_127521535_wp_1.mp3?_=1\" \/><a href=\"https:\/\/www.ivoox.com\/bruselas-n-13-04-24-parte-i_md_127521535_wp_1.mp3\">https:\/\/www.ivoox.com\/bruselas-n-13-04-24-parte-i_md_127521535_wp_1.mp3<\/a><\/audio>\n<p>\u00a0<\/p>\n<p>\u00a0<\/p>\n<p><span style=\"font-weight: 400\">Ya en la segunda parte, fue momento para el humor. <strong>Nuestros amigos de <a href=\"https:\/\/www.comediaenbruselas.es\/\">Comedia en Bruselas<\/a> traen a la capital a Miki D\u2019Kai, un andaluz residente en Valencia que viene a B\u00e9lgica dispuesto a todo el pr\u00f3ximo viernes 19 de abril. Miki nos cont\u00f3 todos los detalles de show.<\/strong><br \/><\/span><\/p>\n<p><span style=\"font-weight: 400\">Y despu\u00e9s, presentamos una nueva secci\u00f3n:<strong> \u2018Volar sin alas\u2019, donde hablaremos sobre viajes desde diferentes puntos de vista.<\/strong> Nuestro primer invitado fue<strong> Miguel Garc\u00eda<\/strong>, que vino a hablarnos de opciones para viajar low cost, conocer gente y pa\u00edses diferentes.<\/span><\/p>\n<p><span style=\"font-weight: 400\">Tras los viajes, volvi\u00f3 <strong>Ruth Prieto con \u2018M\u00fasica al dente\u2019, en la que nos cont\u00f3 los eventos musicales con participaci\u00f3n espa\u00f1ola en Bruselas y despu\u00e9s, cerramos el programa en la sala de cine con Ana Mart\u00ednez.<\/strong><\/span><\/p>\n<audio class=\"wp-audio-shortcode\" id=\"audio-11571-2\" preload=\"none\" style=\"width: 100%;\" controls=\"controls\"><source type=\"audio\/mpeg\" src=\"https:\/\/www.ivoox.com\/bruselas-n-13-04-24-parte-ii_md_127521799_wp_1.mp3?_=2\" \/><a href=\"https:\/\/www.ivoox.com\/bruselas-n-13-04-24-parte-ii_md_127521799_wp_1.mp3\">https:\/\/www.ivoox.com\/bruselas-n-13-04-24-parte-ii_md_127521799_wp_1.mp3<\/a><\/audio>\n<p>\u00a0<\/p>\n\n\n","protected":false},"excerpt":{"rendered":"<div class=\"mh-excerpt\"><p>En esta edici\u00f3n de \u2018Bruselas con \u00d1\u2019, te trajimos toda la actualidad que ocurri\u00f3 en B\u00e9lgica durante la semana en un programa cargado de contenidos pol\u00edticos, culturales, sociales y deportivos.\u00a0 Arrancamos hablando de pol\u00edtica. Y <a class=\"mh-excerpt-more\" href=\"https:\/\/radioalma.eu\/bruselas\/2024\/04\/15\/la-politica-y-los-festivales-grandes-protagonistas-de-un-programa-en-el-que-reina-la-cultura\/\" title=\"La pol\u00edtica y los festivales, grandes protagonistas de un programa en el que reina la cultura\">[&#8230;]<\/a><\/p>\n<\/div>","protected":false},"author":51,"featured_media":0,"comment_status":"open","ping_status":"open","sticky":false,"template":"","format":"standard","meta":{"footnotes":""},"categories":[26,2700],"tags":[67,1745],"class_list":{"0":"post-11571","1":"post","2":"type-post","3":"status-publish","4":"format-standard","6":"category-agenda-cultural","7":"category-cultura","8":"tag-bruselas-2","9":"tag-cultura"},"_links":{"self":[{"href":"https:\/\/radioalma.eu\/bruselas\/wp-json\/wp\/v2\/posts\/11571","targetHints":{"allow":["GET"]}}],"collection":[{"href":"https:\/\/radioalma.eu\/bruselas\/wp-json\/wp\/v2\/posts"}],"about":[{"href":"https:\/\/radioalma.eu\/bruselas\/wp-json\/wp\/v2\/types\/post"}],"author":[{"embeddable":true,"href":"https:\/\/radioalma.eu\/bruselas\/wp-json\/wp\/v2\/users\/51"}],"replies":[{"embeddable":true,"href":"https:\/\/radioalma.eu\/bruselas\/wp-json\/wp\/v2\/comments?post=11571"}],"version-history":[{"count":0,"href":"https:\/\/radioalma.eu\/bruselas\/wp-json\/wp\/v2\/posts\/11571\/revisions"}],"wp:attachment":[{"href":"https:\/\/radioalma.eu\/bruselas\/wp-json\/wp\/v2\/media?parent=11571"}],"wp:term":[{"taxonomy":"category","embeddable":true,"href":"https:\/\/radioalma.eu\/bruselas\/wp-json\/wp\/v2\/categories?post=11571"},{"taxonomy":"post_tag","embeddable":true,"href":"https:\/\/radioalma.eu\/bruselas\/wp-json\/wp\/v2\/tags?post=11571"}],"curies":[{"name":"wp","href":"https:\/\/api.w.org\/{rel}","templated":true}]}}