{"id":11577,"date":"2024-04-15T10:06:50","date_gmt":"2024-04-15T09:06:50","guid":{"rendered":"https:\/\/radioalma.eu\/bruselas\/?p=11577"},"modified":"2024-04-15T13:35:56","modified_gmt":"2024-04-15T12:35:56","slug":"miguel-garcia-nos-cuenta-formas-de-viajar-gratis-con-proyectos-europeos-en-volar-sin-alas","status":"publish","type":"post","link":"https:\/\/radioalma.eu\/bruselas\/2024\/04\/15\/miguel-garcia-nos-cuenta-formas-de-viajar-gratis-con-proyectos-europeos-en-volar-sin-alas\/","title":{"rendered":"Miguel Garc\u00eda nos cuenta formas de viajar gratis a trav\u00e9s de proyectos europeos en &#8216;Volar sin alas&#8217;"},"content":{"rendered":"\n<p><span style=\"font-weight: 400\">Y en el \u00faltimo programa, tambi\u00e9n hubo tiempo para presentarles una nueva secci\u00f3n. <strong>Si son de los que les gusta viajar, visitar nuevos lugares y conocer sus secretos,<\/strong> este es su espacio.<\/span><\/p>\n<p><span style=\"font-weight: 400\">En ella, abordamos el tema desde diferentes puntos de vista. <strong>Desde la recomendaci\u00f3n de pa\u00edses hasta esos truquitos<\/strong> que podemos hacer para que nuestras vacaciones nos salgan m\u00e1s baratas.<\/span><\/p>\n<p><span style=\"font-weight: 400\">Para empezar, tuvimos con nosotros a <strong>Miguel Garc\u00eda, que vino a hablarnos de opciones para viajar low cost, de proyectos europeos, de conocer gente nueva y de descubrir pa\u00edses diferentes.\u00a0<\/strong><\/span><\/p>\n<p>Escucha la secci\u00f3n completa:\u00a0<\/p>\n","protected":false},"excerpt":{"rendered":"<div class=\"mh-excerpt\"><p>Y en el \u00faltimo programa, tambi\u00e9n hubo tiempo para presentarles una nueva secci\u00f3n. Si son de los que les gusta viajar, visitar nuevos lugares y conocer sus secretos, este es su espacio. En ella, abordamos <a class=\"mh-excerpt-more\" href=\"https:\/\/radioalma.eu\/bruselas\/2024\/04\/15\/miguel-garcia-nos-cuenta-formas-de-viajar-gratis-con-proyectos-europeos-en-volar-sin-alas\/\" title=\"Miguel Garc\u00eda nos cuenta formas de viajar gratis a trav\u00e9s de proyectos europeos en &#8216;Volar sin alas&#8217;\">[&#8230;]<\/a><\/p>\n<\/div>","protected":false},"author":51,"featured_media":11578,"comment_status":"open","ping_status":"open","sticky":false,"template":"","format":"standard","meta":{"footnotes":""},"categories":[26,2700],"tags":[313,2820],"class_list":{"0":"post-11577","1":"post","2":"type-post","3":"status-publish","4":"format-standard","5":"has-post-thumbnail","7":"category-agenda-cultural","8":"category-cultura","9":"tag-europa","10":"tag-viajar"},"_links":{"self":[{"href":"https:\/\/radioalma.eu\/bruselas\/wp-json\/wp\/v2\/posts\/11577","targetHints":{"allow":["GET"]}}],"collection":[{"href":"https:\/\/radioalma.eu\/bruselas\/wp-json\/wp\/v2\/posts"}],"about":[{"href":"https:\/\/radioalma.eu\/bruselas\/wp-json\/wp\/v2\/types\/post"}],"author":[{"embeddable":true,"href":"https:\/\/radioalma.eu\/bruselas\/wp-json\/wp\/v2\/users\/51"}],"replies":[{"embeddable":true,"href":"https:\/\/radioalma.eu\/bruselas\/wp-json\/wp\/v2\/comments?post=11577"}],"version-history":[{"count":0,"href":"https:\/\/radioalma.eu\/bruselas\/wp-json\/wp\/v2\/posts\/11577\/revisions"}],"wp:featuredmedia":[{"embeddable":true,"href":"https:\/\/radioalma.eu\/bruselas\/wp-json\/wp\/v2\/media\/11578"}],"wp:attachment":[{"href":"https:\/\/radioalma.eu\/bruselas\/wp-json\/wp\/v2\/media?parent=11577"}],"wp:term":[{"taxonomy":"category","embeddable":true,"href":"https:\/\/radioalma.eu\/bruselas\/wp-json\/wp\/v2\/categories?post=11577"},{"taxonomy":"post_tag","embeddable":true,"href":"https:\/\/radioalma.eu\/bruselas\/wp-json\/wp\/v2\/tags?post=11577"}],"curies":[{"name":"wp","href":"https:\/\/api.w.org\/{rel}","templated":true}]}}