{"id":11666,"date":"2024-04-22T11:16:26","date_gmt":"2024-04-22T10:16:26","guid":{"rendered":"https:\/\/radioalma.eu\/bruselas\/?p=11666"},"modified":"2024-04-22T11:18:30","modified_gmt":"2024-04-22T10:18:30","slug":"la-asociacion-entrages-celebra-la-semana-intergeneracional-entre-el-23-y-el-29-de-abril","status":"publish","type":"post","link":"https:\/\/radioalma.eu\/bruselas\/2024\/04\/22\/la-asociacion-entrages-celebra-la-semana-intergeneracional-entre-el-23-y-el-29-de-abril\/","title":{"rendered":"La asociaci\u00f3n Entr&#8217;\u00e2ges celebra la semana intergeneracional entre el 23 y el 29 de abril"},"content":{"rendered":"\n<p>Y en el programa, tambi\u00e9n tuvimos tiempo de conocer asociaciones de Bruselas. <strong>La primera se llama <a href=\"https:\/\/www.entrages.be\/wp\/\">Entr\u2019\u00e2ges<\/a> y ya nos acompa\u00f1aron en un programa anterior. Se trata de una entidad que tiene el objetivo de crear puentes entre las distintas generaciones.<\/strong><\/p>\n<p>Por este motivo, <strong>la asociaci\u00f3n celebrar\u00e1 la semana intergeneracional que comenzar\u00e1 el pr\u00f3ximo martes d\u00eda 23 y se podr\u00e1 disfrutar hasta el d\u00eda 29.<\/strong> Para descubrir todos los eventos y conocer m\u00e1s sobre esta iniciativa, tuvimos en nuestros micr\u00f3fonos a Alice Latta.<\/p>\n<p>Escucha la entrevista completa:<\/p>\n<audio class=\"wp-audio-shortcode\" id=\"audio-11666-1\" preload=\"none\" style=\"width: 100%;\" controls=\"controls\"><source type=\"audio\/mpeg\" src=\"https:\/\/www.ivoox.com\/entrevista-alice-latta-fundacion-entr-ages_md_127851000_wp_1.mp3?_=1\" \/><a href=\"https:\/\/www.ivoox.com\/entrevista-alice-latta-fundacion-entr-ages_md_127851000_wp_1.mp3\">https:\/\/www.ivoox.com\/entrevista-alice-latta-fundacion-entr-ages_md_127851000_wp_1.mp3<\/a><\/audio>\n<p>\u00a0<\/p>\n\n\n","protected":false},"excerpt":{"rendered":"<div class=\"mh-excerpt\"><p>Y en el programa, tambi\u00e9n tuvimos tiempo de conocer asociaciones de Bruselas. La primera se llama Entr\u2019\u00e2ges y ya nos acompa\u00f1aron en un programa anterior. Se trata de una entidad que tiene el objetivo de <a class=\"mh-excerpt-more\" href=\"https:\/\/radioalma.eu\/bruselas\/2024\/04\/22\/la-asociacion-entrages-celebra-la-semana-intergeneracional-entre-el-23-y-el-29-de-abril\/\" title=\"La asociaci\u00f3n Entr&#8217;\u00e2ges celebra la semana intergeneracional entre el 23 y el 29 de abril\">[&#8230;]<\/a><\/p>\n<\/div>","protected":false},"author":51,"featured_media":11669,"comment_status":"open","ping_status":"open","sticky":false,"template":"","format":"standard","meta":{"footnotes":""},"categories":[2700,2704],"tags":[67,1925],"class_list":{"0":"post-11666","1":"post","2":"type-post","3":"status-publish","4":"format-standard","5":"has-post-thumbnail","7":"category-cultura","8":"category-social","9":"tag-bruselas-2","10":"tag-sociedad"},"_links":{"self":[{"href":"https:\/\/radioalma.eu\/bruselas\/wp-json\/wp\/v2\/posts\/11666","targetHints":{"allow":["GET"]}}],"collection":[{"href":"https:\/\/radioalma.eu\/bruselas\/wp-json\/wp\/v2\/posts"}],"about":[{"href":"https:\/\/radioalma.eu\/bruselas\/wp-json\/wp\/v2\/types\/post"}],"author":[{"embeddable":true,"href":"https:\/\/radioalma.eu\/bruselas\/wp-json\/wp\/v2\/users\/51"}],"replies":[{"embeddable":true,"href":"https:\/\/radioalma.eu\/bruselas\/wp-json\/wp\/v2\/comments?post=11666"}],"version-history":[{"count":0,"href":"https:\/\/radioalma.eu\/bruselas\/wp-json\/wp\/v2\/posts\/11666\/revisions"}],"wp:featuredmedia":[{"embeddable":true,"href":"https:\/\/radioalma.eu\/bruselas\/wp-json\/wp\/v2\/media\/11669"}],"wp:attachment":[{"href":"https:\/\/radioalma.eu\/bruselas\/wp-json\/wp\/v2\/media?parent=11666"}],"wp:term":[{"taxonomy":"category","embeddable":true,"href":"https:\/\/radioalma.eu\/bruselas\/wp-json\/wp\/v2\/categories?post=11666"},{"taxonomy":"post_tag","embeddable":true,"href":"https:\/\/radioalma.eu\/bruselas\/wp-json\/wp\/v2\/tags?post=11666"}],"curies":[{"name":"wp","href":"https:\/\/api.w.org\/{rel}","templated":true}]}}