{"id":11672,"date":"2024-04-22T11:39:52","date_gmt":"2024-04-22T10:39:52","guid":{"rendered":"https:\/\/radioalma.eu\/bruselas\/?p=11672"},"modified":"2024-04-22T11:39:55","modified_gmt":"2024-04-22T10:39:55","slug":"dislike-el-juego-que-busca-concienciar-sobre-el-ciberacoso","status":"publish","type":"post","link":"https:\/\/radioalma.eu\/bruselas\/2024\/04\/22\/dislike-el-juego-que-busca-concienciar-sobre-el-ciberacoso\/","title":{"rendered":"&#8216;Dislike&#8217;, el juego que busca concienciar sobre el ciberacoso"},"content":{"rendered":"\n<p>Y la segunda asociaci\u00f3n sobre la que hablamos en el programa fue <a href=\"https:\/\/jeu-dislike.be\/espacit\/\"><b>ESPACIT. Es la divisi\u00f3n de Formaci\u00f3n Continua y Cohesi\u00f3n Social de la entidad FIJ <\/b><\/a>y e<span style=\"font-weight: 400\">st\u00e1n comprometidos en la lucha contra la exclusi\u00f3n social. <\/span><\/p>\n<p><span style=\"font-weight: 400\">Para conseguir estos objetivos, <strong>ofrecen formaciones para obtener cualificaciones y diversas actividades socioculturales relacionadas con las tecnolog\u00edas digitales y la democracia participativa.<\/strong> As\u00ed, buscan contribuir a acceso a la educaci\u00f3n y el empleo de calidad para la sociedad.<\/span><\/p>\n<p>Ahora, han creado un juego llamado <strong><a href=\"https:\/\/jeu-dislike.be\/\">&#8216;Dislike&#8217;<\/a> que busca que los j\u00f3venes se hagan preguntas, reflexionen y profundicen<\/strong> sobre temas como el acoso cibern\u00e9tico.<\/p>\n<p>Para <strong>conocer todos los detalles sobre lo que hacen, los pr\u00f3ximos eventos que tienen la semana que viene y el juego dislike<\/strong> tuvimos en el programa a uno de los animadores, Arno Maneauvrier.<\/p>\n<p>Escucha la entrevista completa:<\/p>\n<audio class=\"wp-audio-shortcode\" id=\"audio-11672-1\" preload=\"none\" style=\"width: 100%;\" controls=\"controls\"><source type=\"audio\/mpeg\" src=\"https:\/\/www.ivoox.com\/entrevista-arno-maneauvrier-espacit_md_127851180_wp_1.mp3?_=1\" \/><a href=\"https:\/\/www.ivoox.com\/entrevista-arno-maneauvrier-espacit_md_127851180_wp_1.mp3\">https:\/\/www.ivoox.com\/entrevista-arno-maneauvrier-espacit_md_127851180_wp_1.mp3<\/a><\/audio>\n<p>\u00a0<\/p>\n\n\n","protected":false},"excerpt":{"rendered":"<div class=\"mh-excerpt\"><p>Y la segunda asociaci\u00f3n sobre la que hablamos en el programa fue ESPACIT. Es la divisi\u00f3n de Formaci\u00f3n Continua y Cohesi\u00f3n Social de la entidad FIJ y est\u00e1n comprometidos en la lucha contra la exclusi\u00f3n <a class=\"mh-excerpt-more\" href=\"https:\/\/radioalma.eu\/bruselas\/2024\/04\/22\/dislike-el-juego-que-busca-concienciar-sobre-el-ciberacoso\/\" title=\"&#8216;Dislike&#8217;, el juego que busca concienciar sobre el ciberacoso\">[&#8230;]<\/a><\/p>\n<\/div>","protected":false},"author":51,"featured_media":11673,"comment_status":"open","ping_status":"open","sticky":false,"template":"","format":"standard","meta":{"footnotes":""},"categories":[2700,2704],"tags":[2822,1925],"class_list":{"0":"post-11672","1":"post","2":"type-post","3":"status-publish","4":"format-standard","5":"has-post-thumbnail","7":"category-cultura","8":"category-social","9":"tag-juego","10":"tag-sociedad"},"_links":{"self":[{"href":"https:\/\/radioalma.eu\/bruselas\/wp-json\/wp\/v2\/posts\/11672","targetHints":{"allow":["GET"]}}],"collection":[{"href":"https:\/\/radioalma.eu\/bruselas\/wp-json\/wp\/v2\/posts"}],"about":[{"href":"https:\/\/radioalma.eu\/bruselas\/wp-json\/wp\/v2\/types\/post"}],"author":[{"embeddable":true,"href":"https:\/\/radioalma.eu\/bruselas\/wp-json\/wp\/v2\/users\/51"}],"replies":[{"embeddable":true,"href":"https:\/\/radioalma.eu\/bruselas\/wp-json\/wp\/v2\/comments?post=11672"}],"version-history":[{"count":0,"href":"https:\/\/radioalma.eu\/bruselas\/wp-json\/wp\/v2\/posts\/11672\/revisions"}],"wp:featuredmedia":[{"embeddable":true,"href":"https:\/\/radioalma.eu\/bruselas\/wp-json\/wp\/v2\/media\/11673"}],"wp:attachment":[{"href":"https:\/\/radioalma.eu\/bruselas\/wp-json\/wp\/v2\/media?parent=11672"}],"wp:term":[{"taxonomy":"category","embeddable":true,"href":"https:\/\/radioalma.eu\/bruselas\/wp-json\/wp\/v2\/categories?post=11672"},{"taxonomy":"post_tag","embeddable":true,"href":"https:\/\/radioalma.eu\/bruselas\/wp-json\/wp\/v2\/tags?post=11672"}],"curies":[{"name":"wp","href":"https:\/\/api.w.org\/{rel}","templated":true}]}}