{"id":12302,"date":"2024-07-08T14:07:53","date_gmt":"2024-07-08T13:07:53","guid":{"rendered":"https:\/\/radioalma.eu\/bruselas\/?p=12302"},"modified":"2024-07-08T14:07:57","modified_gmt":"2024-07-08T13:07:57","slug":"el-director-vasco-paul-urkijo-presenta-irati-en-bruselas","status":"publish","type":"post","link":"https:\/\/radioalma.eu\/bruselas\/2024\/07\/08\/el-director-vasco-paul-urkijo-presenta-irati-en-bruselas\/","title":{"rendered":"El director vasco Paul Urkijo presenta Irati en Bruselas"},"content":{"rendered":"\n\n\n<p><\/p>\n<p>Con motivo de su visita a Bruselas para presentar Irati, <strong>Paul Urkijo vino a nuestro \u00faltimo programa para hablarnos de un film inspirado en el mundo de las leyendas vascas.<\/strong> Tanto es as\u00ed que el t\u00edtulo que ha utilizado el director, es el nombre de la diosa de la madre tierra. Irati es la hija de la gran diosa Mari, que es el origen de la mitolog\u00eda vasca. Los referentes de esta pel\u00edcula son batallas m\u00edticas como <em>El se\u00f1or de la guerra, Excalibur, El drag\u00f3n del lago de fuego, La princesa Mononoke<\/em>, etc. Y es que el film trata de estos <strong>dos mundos que se entremezclan.<\/strong><\/p>\n<p> <\/p>\n<p>En una charla animada, hablamos con Urkijo sobre sus g\u00e9neros favoritos, sus pr\u00f3ximos proyectos y mucho m\u00e1s.<\/p>\n<p>Escucha la entrevista:<\/p>\n<audio class=\"wp-audio-shortcode\" id=\"audio-12302-1\" preload=\"none\" style=\"width: 100%;\" controls=\"controls\"><source type=\"audio\/mpeg\" src=\"https:\/\/www.ivoox.com\/irati-mundo-leyendas-paul-urkijo_md_131349449_wp_1.mp3?_=1\" \/><a href=\"https:\/\/www.ivoox.com\/irati-mundo-leyendas-paul-urkijo_md_131349449_wp_1.mp3\">https:\/\/www.ivoox.com\/irati-mundo-leyendas-paul-urkijo_md_131349449_wp_1.mp3<\/a><\/audio>\n<p><\/p>\n","protected":false},"excerpt":{"rendered":"<div class=\"mh-excerpt\"><p>Con motivo de su visita a Bruselas para presentar Irati, Paul Urkijo vino a nuestro \u00faltimo programa para hablarnos de un film inspirado en el mundo de las leyendas vascas. Tanto es as\u00ed que el <a class=\"mh-excerpt-more\" href=\"https:\/\/radioalma.eu\/bruselas\/2024\/07\/08\/el-director-vasco-paul-urkijo-presenta-irati-en-bruselas\/\" title=\"El director vasco Paul Urkijo presenta Irati en Bruselas\">[&#8230;]<\/a><\/p>\n<\/div>","protected":false},"author":51,"featured_media":12303,"comment_status":"open","ping_status":"open","sticky":false,"template":"","format":"standard","meta":{"footnotes":""},"categories":[1],"tags":[],"class_list":{"0":"post-12302","1":"post","2":"type-post","3":"status-publish","4":"format-standard","5":"has-post-thumbnail","7":"category-non-classe"},"_links":{"self":[{"href":"https:\/\/radioalma.eu\/bruselas\/wp-json\/wp\/v2\/posts\/12302","targetHints":{"allow":["GET"]}}],"collection":[{"href":"https:\/\/radioalma.eu\/bruselas\/wp-json\/wp\/v2\/posts"}],"about":[{"href":"https:\/\/radioalma.eu\/bruselas\/wp-json\/wp\/v2\/types\/post"}],"author":[{"embeddable":true,"href":"https:\/\/radioalma.eu\/bruselas\/wp-json\/wp\/v2\/users\/51"}],"replies":[{"embeddable":true,"href":"https:\/\/radioalma.eu\/bruselas\/wp-json\/wp\/v2\/comments?post=12302"}],"version-history":[{"count":0,"href":"https:\/\/radioalma.eu\/bruselas\/wp-json\/wp\/v2\/posts\/12302\/revisions"}],"wp:featuredmedia":[{"embeddable":true,"href":"https:\/\/radioalma.eu\/bruselas\/wp-json\/wp\/v2\/media\/12303"}],"wp:attachment":[{"href":"https:\/\/radioalma.eu\/bruselas\/wp-json\/wp\/v2\/media?parent=12302"}],"wp:term":[{"taxonomy":"category","embeddable":true,"href":"https:\/\/radioalma.eu\/bruselas\/wp-json\/wp\/v2\/categories?post=12302"},{"taxonomy":"post_tag","embeddable":true,"href":"https:\/\/radioalma.eu\/bruselas\/wp-json\/wp\/v2\/tags?post=12302"}],"curies":[{"name":"wp","href":"https:\/\/api.w.org\/{rel}","templated":true}]}}