{"id":12316,"date":"2024-07-15T10:21:27","date_gmt":"2024-07-15T09:21:27","guid":{"rendered":"https:\/\/radioalma.eu\/bruselas\/?p=12316"},"modified":"2024-07-16T14:58:51","modified_gmt":"2024-07-16T13:58:51","slug":"cerramos-la-temporada-con-un-programa-especial-con-la-presencia-de-todos-los-colaboradores","status":"publish","type":"post","link":"https:\/\/radioalma.eu\/bruselas\/2024\/07\/15\/cerramos-la-temporada-con-un-programa-especial-con-la-presencia-de-todos-los-colaboradores\/","title":{"rendered":"Cerramos la temporada con un programa especial con la presencia de todas las colaboradoras"},"content":{"rendered":"\n<p>En esta edici\u00f3n de \u2018Bruselas con \u00d1\u2019, la \u00faltima de la temporada, les contamos la \u00faltima hora de lo ocurrido en B\u00e9lgica durante la \u00faltima semana. Adem\u00e1s, les trajimos multitud de contenido cultural y social de la capital europea.<\/p>\n<p>Arrancamos el programa hablando de un d\u00eda muy especial para los belgas. Como saben, cada 21 de julio se celebra el d\u00eda nacional de B\u00e9lgica y mediante un reportaje explicamos en qu\u00e9 consiste, desde cu\u00e1ndo se celebra, el por qu\u00e9 y todas las actividades que se realizan ese d\u00eda.<\/p>\n<p>Adem\u00e1s, seguidamente y mediante un reportaje, conocimos la historia y las curiosidades que giran en torno a la alfombra de flores que la Grand Place instala en sus adoquines cada dos a\u00f1os.<\/p>\n<p>Y para cerrar la primera parte tuvimos una nueva edici\u00f3n de \u2018La Sobremesa\u2019. En ella, junto a Irene de la Puerta, desmontamos la historia y las leyendas que giran en torno a Juana \u2018la loca\u2019.<\/p>\n<audio class=\"wp-audio-shortcode\" id=\"audio-12316-1\" preload=\"none\" style=\"width: 100%;\" controls=\"controls\"><source type=\"audio\/mpeg\" src=\"https:\/\/www.ivoox.com\/bruselas-n-13-07-24-parte-i_md_131635026_wp_1.mp3?_=1\" \/><a href=\"https:\/\/www.ivoox.com\/bruselas-n-13-07-24-parte-i_md_131635026_wp_1.mp3\">https:\/\/www.ivoox.com\/bruselas-n-13-07-24-parte-i_md_131635026_wp_1.mp3<\/a><\/audio>\n<p>\u00a0<\/p>\n<p>Ya en la segunda parte les trajimos un contenido especial. Normalmente, en este segundo tramo, conviven secciones de todos los tipos. Desde cient\u00edficas hasta de cine, pasando por arquitectura o c\u00f3mic.<\/p>\n<p>Pues bien, en esta edici\u00f3n especial, convivieron pero de verdad, ya que tuvimos en el estudio a los protagonistas de cada secci\u00f3n. Laia Boloix de \u2018Les Promenades de LB\u2019, Elena Ramis de \u2018CEBE en las ondas\u2019, Daniel Bartual de \u2018La Bedeteca\u2019 y Ana Mart\u00ednez, de cine, despidieron la temporada con una tertulia conjunta con nuestra presentadora Tamara Atienzar.<\/p>\n<audio class=\"wp-audio-shortcode\" id=\"audio-12316-2\" preload=\"none\" style=\"width: 100%;\" controls=\"controls\"><source type=\"audio\/mpeg\" src=\"https:\/\/www.ivoox.com\/bruselas-n-13-07-24-parte-ii_md_131636097_wp_1.mp3?_=2\" \/><a href=\"https:\/\/www.ivoox.com\/bruselas-n-13-07-24-parte-ii_md_131636097_wp_1.mp3\">https:\/\/www.ivoox.com\/bruselas-n-13-07-24-parte-ii_md_131636097_wp_1.mp3<\/a><\/audio>\n<p>\u00a0<\/p>\n\n\n","protected":false},"excerpt":{"rendered":"<div class=\"mh-excerpt\"><p>En esta edici\u00f3n de \u2018Bruselas con \u00d1\u2019, la \u00faltima de la temporada, les contamos la \u00faltima hora de lo ocurrido en B\u00e9lgica durante la \u00faltima semana. Adem\u00e1s, les trajimos multitud de contenido cultural y social <a class=\"mh-excerpt-more\" href=\"https:\/\/radioalma.eu\/bruselas\/2024\/07\/15\/cerramos-la-temporada-con-un-programa-especial-con-la-presencia-de-todos-los-colaboradores\/\" title=\"Cerramos la temporada con un programa especial con la presencia de todas las colaboradoras\">[&#8230;]<\/a><\/p>\n<\/div>","protected":false},"author":51,"featured_media":0,"comment_status":"open","ping_status":"open","sticky":false,"template":"","format":"standard","meta":{"footnotes":""},"categories":[2700,2704],"tags":[67,1745],"class_list":{"0":"post-12316","1":"post","2":"type-post","3":"status-publish","4":"format-standard","6":"category-cultura","7":"category-social","8":"tag-bruselas-2","9":"tag-cultura"},"_links":{"self":[{"href":"https:\/\/radioalma.eu\/bruselas\/wp-json\/wp\/v2\/posts\/12316","targetHints":{"allow":["GET"]}}],"collection":[{"href":"https:\/\/radioalma.eu\/bruselas\/wp-json\/wp\/v2\/posts"}],"about":[{"href":"https:\/\/radioalma.eu\/bruselas\/wp-json\/wp\/v2\/types\/post"}],"author":[{"embeddable":true,"href":"https:\/\/radioalma.eu\/bruselas\/wp-json\/wp\/v2\/users\/51"}],"replies":[{"embeddable":true,"href":"https:\/\/radioalma.eu\/bruselas\/wp-json\/wp\/v2\/comments?post=12316"}],"version-history":[{"count":0,"href":"https:\/\/radioalma.eu\/bruselas\/wp-json\/wp\/v2\/posts\/12316\/revisions"}],"wp:attachment":[{"href":"https:\/\/radioalma.eu\/bruselas\/wp-json\/wp\/v2\/media?parent=12316"}],"wp:term":[{"taxonomy":"category","embeddable":true,"href":"https:\/\/radioalma.eu\/bruselas\/wp-json\/wp\/v2\/categories?post=12316"},{"taxonomy":"post_tag","embeddable":true,"href":"https:\/\/radioalma.eu\/bruselas\/wp-json\/wp\/v2\/tags?post=12316"}],"curies":[{"name":"wp","href":"https:\/\/api.w.org\/{rel}","templated":true}]}}