{"id":12425,"date":"2024-10-11T12:55:39","date_gmt":"2024-10-11T11:55:39","guid":{"rendered":"https:\/\/radioalma.eu\/bruselas\/?p=12425"},"modified":"2024-10-14T12:21:53","modified_gmt":"2024-10-14T11:21:53","slug":"el-festival-estelles-romeo-y-julieta-y-la-semana-de-la-novela-protagonizan-el-proximo-programa","status":"publish","type":"post","link":"https:\/\/radioalma.eu\/bruselas\/2024\/10\/11\/el-festival-estelles-romeo-y-julieta-y-la-semana-de-la-novela-protagonizan-el-proximo-programa\/","title":{"rendered":"El Festival Estell\u00e9s, Romeo y Julieta y la Semana de la Novela protagonizan el pr\u00f3ximo programa"},"content":{"rendered":"\n\n\n<p>En el \u00faltimo programa nos fuimos a la sala de conciertos VK, d\u00f3nde el pr\u00f3ximo s\u00e1bado 19 de octubre tendr\u00e1 lugar la tercera edici\u00f3n del <a href=\"https:\/\/www.billetweb.fr\/iii-festival-estelles\"><strong>Festival Estell\u00e9s<\/strong><\/a>, un evento donde la m\u00fasica belga y valenciana se dan la mano. Por su escenario pasar\u00e1n artistas como <strong>Marala, Rokia Bamba, Yiria Iman\u00e1, Autotest 80.10<\/strong> y mucho m\u00e1s. En este programa tuvimos la oportunidad de hablar con <strong>Pau Iborra, un valenciano que forma parte de The Abulu Band.<\/strong><\/p>\n<p>Despu\u00e9s, no nos bajamos del escenario pero cambiamos la m\u00fasica por el teatro gracias a los integrantes de la <strong>compa\u00f1\u00eda<a href=\"https:\/\/unabuenaobra.org\/\"> Una Buena Obra<\/a><\/strong>. Este elenco, que dedica los ingresos de las entradas a proyectos de ONGs, presenta una adaptaci\u00f3n infantil del cl\u00e1sico <strong>Romeo y Julieta<\/strong>. <strong>Hablamos con su directora, Victoria Farin\u00f3s, y los actores Lucas Casa\u00f1, Gonzalo del Pino, Diana Campillo y Jos\u00e9 Manuel Fern\u00e1ndez.<\/strong><\/p>\n<p>\u00a0<\/p>\n\n\n\n<figure class=\"wp-block-embed is-type-rich is-provider-spotify wp-block-embed-spotify wp-embed-aspect-21-9 wp-has-aspect-ratio\"><div class=\"wp-block-embed__wrapper\">\n<iframe title=\"Spotify Embed: Bruselas con \u00d1 (12\/10\/24) - Parte I\" style=\"border-radius: 12px\" width=\"100%\" height=\"152\" frameborder=\"0\" allowfullscreen allow=\"autoplay; clipboard-write; encrypted-media; fullscreen; picture-in-picture\" loading=\"lazy\" src=\"https:\/\/open.spotify.com\/embed\/episode\/0vA3uPfU1WrhcMev4GGIJA?si=f0UZOJqcSTeCODMwCpgbzw&#038;utm_source=oembed\"><\/iframe>\n<\/div><\/figure>\n\n\n\n<p>En la segunda parte hicimos un recorrido por <strong>la Bruselas m\u00e1s literaria.<\/strong> Y es que el domingo arranc\u00f3 la <strong>Semana de la Novela.<\/strong> As\u00ed que fue un buen momento para descubrir obras ambientadas en nuestra ciudad de acogida.<\/p>\n<p>Cerramos el programa en la<strong> sala de cine.<\/strong> En esta ocasi\u00f3n,<strong> Ana Mart\u00ednez, nos llev\u00f3 de viaje por Escocia<\/strong> con una lista llena de buenas recomendaciones.<\/p>\n<p>\u00a0<\/p>\n\n\n\n<figure class=\"wp-block-embed is-type-rich is-provider-spotify wp-block-embed-spotify wp-embed-aspect-21-9 wp-has-aspect-ratio\"><div class=\"wp-block-embed__wrapper\">\n<iframe title=\"Spotify Embed: Bruselas con \u00d1 (12\/10\/24) - Parte II\" style=\"border-radius: 12px\" width=\"100%\" height=\"152\" frameborder=\"0\" allowfullscreen allow=\"autoplay; clipboard-write; encrypted-media; fullscreen; picture-in-picture\" loading=\"lazy\" src=\"https:\/\/open.spotify.com\/embed\/episode\/2qkbHAM9OiX2WmWF0KfAZO?si=EjIOeSziSY-H7DvTmnkoTg&#038;utm_source=oembed\"><\/iframe>\n<\/div><\/figure>\n","protected":false},"excerpt":{"rendered":"<div class=\"mh-excerpt\"><p>En el \u00faltimo programa nos fuimos a la sala de conciertos VK, d\u00f3nde el pr\u00f3ximo s\u00e1bado 19 de octubre tendr\u00e1 lugar la tercera edici\u00f3n del Festival Estell\u00e9s, un evento donde la m\u00fasica belga y valenciana <a class=\"mh-excerpt-more\" href=\"https:\/\/radioalma.eu\/bruselas\/2024\/10\/11\/el-festival-estelles-romeo-y-julieta-y-la-semana-de-la-novela-protagonizan-el-proximo-programa\/\" title=\"El Festival Estell\u00e9s, Romeo y Julieta y la Semana de la Novela protagonizan el pr\u00f3ximo programa\">[&#8230;]<\/a><\/p>\n<\/div>","protected":false},"author":51,"featured_media":12460,"comment_status":"open","ping_status":"open","sticky":false,"template":"","format":"standard","meta":{"footnotes":""},"categories":[2700],"tags":[27,1745],"class_list":{"0":"post-12425","1":"post","2":"type-post","3":"status-publish","4":"format-standard","5":"has-post-thumbnail","7":"category-cultura","8":"tag-bruselas-agenda-cultural","9":"tag-cultura"},"_links":{"self":[{"href":"https:\/\/radioalma.eu\/bruselas\/wp-json\/wp\/v2\/posts\/12425","targetHints":{"allow":["GET"]}}],"collection":[{"href":"https:\/\/radioalma.eu\/bruselas\/wp-json\/wp\/v2\/posts"}],"about":[{"href":"https:\/\/radioalma.eu\/bruselas\/wp-json\/wp\/v2\/types\/post"}],"author":[{"embeddable":true,"href":"https:\/\/radioalma.eu\/bruselas\/wp-json\/wp\/v2\/users\/51"}],"replies":[{"embeddable":true,"href":"https:\/\/radioalma.eu\/bruselas\/wp-json\/wp\/v2\/comments?post=12425"}],"version-history":[{"count":0,"href":"https:\/\/radioalma.eu\/bruselas\/wp-json\/wp\/v2\/posts\/12425\/revisions"}],"wp:featuredmedia":[{"embeddable":true,"href":"https:\/\/radioalma.eu\/bruselas\/wp-json\/wp\/v2\/media\/12460"}],"wp:attachment":[{"href":"https:\/\/radioalma.eu\/bruselas\/wp-json\/wp\/v2\/media?parent=12425"}],"wp:term":[{"taxonomy":"category","embeddable":true,"href":"https:\/\/radioalma.eu\/bruselas\/wp-json\/wp\/v2\/categories?post=12425"},{"taxonomy":"post_tag","embeddable":true,"href":"https:\/\/radioalma.eu\/bruselas\/wp-json\/wp\/v2\/tags?post=12425"}],"curies":[{"name":"wp","href":"https:\/\/api.w.org\/{rel}","templated":true}]}}