{"id":12539,"date":"2024-11-04T14:53:16","date_gmt":"2024-11-04T13:53:16","guid":{"rendered":"https:\/\/radioalma.eu\/bruselas\/?p=12539"},"modified":"2024-11-19T16:10:09","modified_gmt":"2024-11-19T15:10:09","slug":"especial-halloween-leyendas-cementerios-y-cine-protagonizan-este-programa","status":"publish","type":"post","link":"https:\/\/radioalma.eu\/bruselas\/2024\/11\/04\/especial-halloween-leyendas-cementerios-y-cine-protagonizan-este-programa\/","title":{"rendered":"Especial Halloween: leyendas, cementerios y cine de terror"},"content":{"rendered":"\n<p>Con motivo de la celebraci\u00f3n de <strong>Halloween<\/strong>, desde el equipo de Bruselas con \u00d1 preparamos un programa cargado de <strong>historias misteriosas ambientadas en nuestra capital<\/strong>. Entre muchas otras, conocimos leyendas como la del <strong>fantasma Teatro de la Monnaie o la del secreto de los templarios.<\/strong><\/p>\n<p><iframe title=\"Spotify Embed: Leyendas inquietantes de Bruselas\" style=\"border-radius: 12px\" width=\"100%\" height=\"152\" frameborder=\"0\" allowfullscreen allow=\"autoplay; clipboard-write; encrypted-media; fullscreen; picture-in-picture\" loading=\"lazy\" src=\"https:\/\/open.spotify.com\/embed\/episode\/6ylZho9XdhrZsLLdphv15J?si=66d3915ee83f4d23&#038;utm_source=oembed\"><\/iframe><\/p>\n<p>En nuestro particular paseo tambi\u00e9n <strong>recorrimos los cementerios de la capital.<\/strong> Concretamente visitamos mediante las ondas tres de ellos: el Cementerio de Laeken es uno de los m\u00e1s antiguos y prestigiosos de Bruselas, el Cementerio de Ixelles y el Cementerio de Evere, el m\u00e1s grande de la ciudad. En ellos reposan importantes personalidades que van desde miembros de la realeza hasta artistas.<\/p>\n<p><iframe title=\"Spotify Embed: Cementerios con leyendas vivas de Bruselas\" style=\"border-radius: 12px\" width=\"100%\" height=\"152\" frameborder=\"0\" allowfullscreen allow=\"autoplay; clipboard-write; encrypted-media; fullscreen; picture-in-picture\" loading=\"lazy\" src=\"https:\/\/open.spotify.com\/embed\/episode\/0GIZzKJCZektilk10gte4K?si=b13767e997aa4b57&#038;utm_source=oembed\"><\/iframe><\/p>\n<p>Pusimos el broche de oro a nuestro programa especial de Halloween hablando de <strong>cine de terror con nuestra experta en cine, Ana Mart\u00ednez.<\/strong> Entre los t\u00edtulos de su 3 hay t\u00edtulos &#8216;inofensivos&#8217; como: La mesita del comedor, una pel\u00edcula espa\u00f1ola tan oscura como sorprendente.<\/p>\n<p><iframe title=\"Spotify Embed: Pel\u00edculas perfectas para Halloween con Ana Mart\u00ednez\" style=\"border-radius: 12px\" width=\"100%\" height=\"152\" frameborder=\"0\" allowfullscreen allow=\"autoplay; clipboard-write; encrypted-media; fullscreen; picture-in-picture\" loading=\"lazy\" src=\"https:\/\/open.spotify.com\/embed\/episode\/7nrWUdzYDJERucE16w3jUM?si=940898f7677c49d9&#038;utm_source=oembed\"><\/iframe><\/p>\n<p>Dejamos en su mano y en sus o\u00eddos la oportunidad de disfrutar en podcast de la magia de estos relatos, en compa\u00f1\u00eda o en la intimidad, y envolverse en una atm\u00f3sfera que promete acelerar los latidos de aquellos valientes que nos escuchen.<\/p>\n","protected":false},"excerpt":{"rendered":"<div class=\"mh-excerpt\"><p>Con motivo de la celebraci\u00f3n de Halloween, desde el equipo de Bruselas con \u00d1 preparamos un programa cargado de historias misteriosas ambientadas en nuestra capital. Entre muchas otras, conocimos leyendas como la del fantasma Teatro <a class=\"mh-excerpt-more\" href=\"https:\/\/radioalma.eu\/bruselas\/2024\/11\/04\/especial-halloween-leyendas-cementerios-y-cine-protagonizan-este-programa\/\" title=\"Especial Halloween: leyendas, cementerios y cine de terror\">[&#8230;]<\/a><\/p>\n<\/div>","protected":false},"author":51,"featured_media":6529,"comment_status":"open","ping_status":"open","sticky":false,"template":"","format":"standard","meta":{"footnotes":""},"categories":[2704],"tags":[67,1822,40,1745,1785],"class_list":{"0":"post-12539","1":"post","2":"type-post","3":"status-publish","4":"format-standard","5":"has-post-thumbnail","7":"category-social","8":"tag-bruselas-2","9":"tag-bruselas-con-n","10":"tag-cine","11":"tag-cultura","12":"tag-halloween"},"_links":{"self":[{"href":"https:\/\/radioalma.eu\/bruselas\/wp-json\/wp\/v2\/posts\/12539","targetHints":{"allow":["GET"]}}],"collection":[{"href":"https:\/\/radioalma.eu\/bruselas\/wp-json\/wp\/v2\/posts"}],"about":[{"href":"https:\/\/radioalma.eu\/bruselas\/wp-json\/wp\/v2\/types\/post"}],"author":[{"embeddable":true,"href":"https:\/\/radioalma.eu\/bruselas\/wp-json\/wp\/v2\/users\/51"}],"replies":[{"embeddable":true,"href":"https:\/\/radioalma.eu\/bruselas\/wp-json\/wp\/v2\/comments?post=12539"}],"version-history":[{"count":0,"href":"https:\/\/radioalma.eu\/bruselas\/wp-json\/wp\/v2\/posts\/12539\/revisions"}],"wp:featuredmedia":[{"embeddable":true,"href":"https:\/\/radioalma.eu\/bruselas\/wp-json\/wp\/v2\/media\/6529"}],"wp:attachment":[{"href":"https:\/\/radioalma.eu\/bruselas\/wp-json\/wp\/v2\/media?parent=12539"}],"wp:term":[{"taxonomy":"category","embeddable":true,"href":"https:\/\/radioalma.eu\/bruselas\/wp-json\/wp\/v2\/categories?post=12539"},{"taxonomy":"post_tag","embeddable":true,"href":"https:\/\/radioalma.eu\/bruselas\/wp-json\/wp\/v2\/tags?post=12539"}],"curies":[{"name":"wp","href":"https:\/\/api.w.org\/{rel}","templated":true}]}}