{"id":12542,"date":"2024-11-01T15:26:47","date_gmt":"2024-11-01T14:26:47","guid":{"rendered":"https:\/\/radioalma.eu\/bruselas\/?p=12542"},"modified":"2024-11-19T16:13:20","modified_gmt":"2024-11-19T15:13:20","slug":"quien-es-brecht-evens-daniel-bartual-nos-cuenta-su-historia-en-la-bedeteca","status":"publish","type":"post","link":"https:\/\/radioalma.eu\/bruselas\/2024\/11\/01\/quien-es-brecht-evens-daniel-bartual-nos-cuenta-su-historia-en-la-bedeteca\/","title":{"rendered":"\u00bfQui\u00e9n es Brecht Evens? Daniel Bartual nos cuenta su historia en &#8216;La Bedeteca&#8217;"},"content":{"rendered":"\n<p>Nuestro experto en el noveno arte nos invit\u00f3 a su <strong>&#8216;Bedeteca&#8217;<\/strong> particular para descubrirnos a un nuevo autor: <strong>el artista belga Brecht Evens.<\/strong><\/p>\n<p>Evens (Hasselt, 1986) es uno de esos artistas que <strong>redefine lo que entendemos por novela gr\u00e1fica<\/strong>. Con un estilo pict\u00f3rico que combina colores vibrantes, narrativas complejas y t\u00e9cnicas que desdibujan las fronteras entre la ilustraci\u00f3n y la pintura, este autor belga <strong>ha conquistado el panorama internacional<\/strong> desde Par\u00eds, la ciudad en la que reside.<\/p>\n<p><strong>Su obra m\u00e1s emblem\u00e1tica, <em>Un lugar equivocado<\/em> <\/strong>(Ergens Waar Je Niet Wil Zijn), marc\u00f3 su ascenso en 2009, empleando una t\u00e9cnica m\u00e1s libre inspirada por sus mentores. Este libro no solo lo consagr\u00f3 con <strong>premios como el Willy Vandersteen y un Fauve en Angulema<\/strong>, sino que tambi\u00e9n mostr\u00f3 al mundo su singular manera de narrar historias a trav\u00e9s de im\u00e1genes.<\/p>\n<p>Desde entonces, Evens no ha dejado de innovar. Ha trabajado con grandes instituciones como la <strong>Fundaci\u00f3n Louis Vuitton y la Filarm\u00f3nica de Par\u00eds<\/strong>, y sus <strong>murales en ciudades como Amberes, Bruselas y Knokke-Heist<\/strong> transforman los espacios p\u00fablicos en aut\u00e9nticas galer\u00edas al aire libre.<\/p>\n<p>Con obras traducidas a <strong>m\u00e1s de una docena de idioma<\/strong>s y reconocimientos como el Premio Especial del Jurado en Angulema por <strong><em>Les Rigoles<\/em> <\/strong>(The City of Belgium), Brecht Evens se ha convertido en un referente de la novela gr\u00e1fica contempor\u00e1nea.<\/p>\n<p>Escucha estos y otros detalles en nuestra secci\u00f3n:<\/p>\n<p>\u00a0<\/p>\n\n\n\n<figure class=\"wp-block-embed is-type-rich is-provider-spotify wp-block-embed-spotify wp-embed-aspect-21-9 wp-has-aspect-ratio\"><div class=\"wp-block-embed__wrapper\">\n<iframe title=\"Spotify Embed: La Bedeteca: Descubrimos al artista Brecht Evens\" style=\"border-radius: 12px\" width=\"100%\" height=\"152\" frameborder=\"0\" allowfullscreen allow=\"autoplay; clipboard-write; encrypted-media; fullscreen; picture-in-picture\" loading=\"lazy\" src=\"https:\/\/open.spotify.com\/embed\/episode\/5xcnvY4klwnBrIlujt7Ou1?si=Sb_bl3kBTFSA7tCePIcjyw&#038;utm_source=oembed\"><\/iframe>\n<\/div><\/figure>\n","protected":false},"excerpt":{"rendered":"<div class=\"mh-excerpt\"><p>Nuestro experto en el noveno arte nos invit\u00f3 a su &#8216;Bedeteca&#8217; particular para descubrirnos a un nuevo autor: el artista belga Brecht Evens. Evens (Hasselt, 1986) es uno de esos artistas que redefine lo que <a class=\"mh-excerpt-more\" href=\"https:\/\/radioalma.eu\/bruselas\/2024\/11\/01\/quien-es-brecht-evens-daniel-bartual-nos-cuenta-su-historia-en-la-bedeteca\/\" title=\"\u00bfQui\u00e9n es Brecht Evens? Daniel Bartual nos cuenta su historia en &#8216;La Bedeteca&#8217;\">[&#8230;]<\/a><\/p>\n<\/div>","protected":false},"author":51,"featured_media":12545,"comment_status":"open","ping_status":"open","sticky":false,"template":"","format":"standard","meta":{"footnotes":""},"categories":[2700],"tags":[],"class_list":{"0":"post-12542","1":"post","2":"type-post","3":"status-publish","4":"format-standard","5":"has-post-thumbnail","7":"category-cultura"},"_links":{"self":[{"href":"https:\/\/radioalma.eu\/bruselas\/wp-json\/wp\/v2\/posts\/12542","targetHints":{"allow":["GET"]}}],"collection":[{"href":"https:\/\/radioalma.eu\/bruselas\/wp-json\/wp\/v2\/posts"}],"about":[{"href":"https:\/\/radioalma.eu\/bruselas\/wp-json\/wp\/v2\/types\/post"}],"author":[{"embeddable":true,"href":"https:\/\/radioalma.eu\/bruselas\/wp-json\/wp\/v2\/users\/51"}],"replies":[{"embeddable":true,"href":"https:\/\/radioalma.eu\/bruselas\/wp-json\/wp\/v2\/comments?post=12542"}],"version-history":[{"count":0,"href":"https:\/\/radioalma.eu\/bruselas\/wp-json\/wp\/v2\/posts\/12542\/revisions"}],"wp:featuredmedia":[{"embeddable":true,"href":"https:\/\/radioalma.eu\/bruselas\/wp-json\/wp\/v2\/media\/12545"}],"wp:attachment":[{"href":"https:\/\/radioalma.eu\/bruselas\/wp-json\/wp\/v2\/media?parent=12542"}],"wp:term":[{"taxonomy":"category","embeddable":true,"href":"https:\/\/radioalma.eu\/bruselas\/wp-json\/wp\/v2\/categories?post=12542"},{"taxonomy":"post_tag","embeddable":true,"href":"https:\/\/radioalma.eu\/bruselas\/wp-json\/wp\/v2\/tags?post=12542"}],"curies":[{"name":"wp","href":"https:\/\/api.w.org\/{rel}","templated":true}]}}