{"id":12585,"date":"2024-11-20T15:56:00","date_gmt":"2024-11-20T14:56:00","guid":{"rendered":"https:\/\/radioalma.eu\/bruselas\/?p=12585"},"modified":"2024-11-20T18:01:00","modified_gmt":"2024-11-20T17:01:00","slug":"zona-norte-presenta-hazselo-saber-su-primer-trabajo","status":"publish","type":"post","link":"https:\/\/radioalma.eu\/bruselas\/2024\/11\/20\/zona-norte-presenta-hazselo-saber-su-primer-trabajo\/","title":{"rendered":"Zona Norte presenta &#8216;H\u00e1zselo saber&#8217;, su primer trabajo"},"content":{"rendered":"\n<p>Era <strong>enero de 2023<\/strong> cuando nuestros micr\u00f3fonos se abrieron para dar la bienvenida a un grupo que en aquel entonces se hac\u00eda llamar<strong> Zona Especial Norte.<\/strong> <strong>Marcos y Silvia<\/strong> cruzaron la puerta de nuestros estudios hace casi dos a\u00f1os para contarnos que<strong> acababan de crear un grupo de punk-rock que rescatar\u00eda las notas y letras de bandas m\u00edticas como Eskorbuto o la Polla Records.<\/strong> Aquella banda, formada por tres miembros en su momento, estaba a punto de subirse al escenario para dar su primer concierto e invitaba a la gente a asistir \u00ab<strong>porque quiz\u00e1s era el \u00faltimo<\/strong>\u00ab.<\/p>\n<p>Meses despu\u00e9s, volvieron a llamar a nuestra puerta. En aquella ocasi\u00f3n nos quer\u00edan contar que la cosa no hab\u00eda ido mal: <strong>ya eran cinco, ten\u00edan vocalista y se iban a estrenar en el Manifiesta<\/strong>, un festival de Ostende. Decenas de conciertos despu\u00e9s y con un nombre m\u00e1s corto pero igual de cargado de intenciones,<strong><a href=\"_wp_link_placeholder\" data-wplink-edit=\"true\"> Zona Norte <\/a>se ha vuelto a sentar frente a nuestros micr\u00f3fonos para presentar su primer trabajo: &#8216;H\u00e1zselo saber&#8217;.<\/strong><\/p>\n<p>Un EP que suena de maravilla y que se podr\u00e1 escuchar en directo <strong>este viernes en la sala Cobra Jaune a partir de las 20h.<\/strong> Las entradas tienen un precio de 10 euros y se pueden adquirir en la puerta. Nosotras no nos lo vamos a perder pero si tienen dudas, solo tienen que escuchar esta entrevista para acabar de convencerse.<\/p>\n\n\n\n<figure class=\"wp-block-embed is-type-rich is-provider-spotify wp-block-embed-spotify wp-embed-aspect-21-9 wp-has-aspect-ratio\"><div class=\"wp-block-embed__wrapper\">\n<iframe title=\"Spotify Embed: Entrevista: Marcos y Jorge (Zona Norte)\" style=\"border-radius: 12px\" width=\"100%\" height=\"152\" frameborder=\"0\" allowfullscreen allow=\"autoplay; clipboard-write; encrypted-media; fullscreen; picture-in-picture\" loading=\"lazy\" src=\"https:\/\/open.spotify.com\/embed\/episode\/5fNBbOrSsvfo39lVQJB2CX?si=3Hnv2Ug7STCOvsJERgYljQ&#038;utm_source=oembed\"><\/iframe>\n<\/div><\/figure>\n","protected":false},"excerpt":{"rendered":"<div class=\"mh-excerpt\"><p>Era enero de 2023 cuando nuestros micr\u00f3fonos se abrieron para dar la bienvenida a un grupo que en aquel entonces se hac\u00eda llamar Zona Especial Norte. Marcos y Silvia cruzaron la puerta de nuestros estudios <a class=\"mh-excerpt-more\" href=\"https:\/\/radioalma.eu\/bruselas\/2024\/11\/20\/zona-norte-presenta-hazselo-saber-su-primer-trabajo\/\" title=\"Zona Norte presenta &#8216;H\u00e1zselo saber&#8217;, su primer trabajo\">[&#8230;]<\/a><\/p>\n<\/div>","protected":false},"author":51,"featured_media":12597,"comment_status":"open","ping_status":"open","sticky":false,"template":"","format":"standard","meta":{"footnotes":""},"categories":[2700],"tags":[67,59],"class_list":{"0":"post-12585","1":"post","2":"type-post","3":"status-publish","4":"format-standard","5":"has-post-thumbnail","7":"category-cultura","8":"tag-bruselas-2","9":"tag-musica"},"_links":{"self":[{"href":"https:\/\/radioalma.eu\/bruselas\/wp-json\/wp\/v2\/posts\/12585","targetHints":{"allow":["GET"]}}],"collection":[{"href":"https:\/\/radioalma.eu\/bruselas\/wp-json\/wp\/v2\/posts"}],"about":[{"href":"https:\/\/radioalma.eu\/bruselas\/wp-json\/wp\/v2\/types\/post"}],"author":[{"embeddable":true,"href":"https:\/\/radioalma.eu\/bruselas\/wp-json\/wp\/v2\/users\/51"}],"replies":[{"embeddable":true,"href":"https:\/\/radioalma.eu\/bruselas\/wp-json\/wp\/v2\/comments?post=12585"}],"version-history":[{"count":0,"href":"https:\/\/radioalma.eu\/bruselas\/wp-json\/wp\/v2\/posts\/12585\/revisions"}],"wp:featuredmedia":[{"embeddable":true,"href":"https:\/\/radioalma.eu\/bruselas\/wp-json\/wp\/v2\/media\/12597"}],"wp:attachment":[{"href":"https:\/\/radioalma.eu\/bruselas\/wp-json\/wp\/v2\/media?parent=12585"}],"wp:term":[{"taxonomy":"category","embeddable":true,"href":"https:\/\/radioalma.eu\/bruselas\/wp-json\/wp\/v2\/categories?post=12585"},{"taxonomy":"post_tag","embeddable":true,"href":"https:\/\/radioalma.eu\/bruselas\/wp-json\/wp\/v2\/tags?post=12585"}],"curies":[{"name":"wp","href":"https:\/\/api.w.org\/{rel}","templated":true}]}}