{"id":12631,"date":"2024-11-27T10:56:57","date_gmt":"2024-11-27T09:56:57","guid":{"rendered":"https:\/\/radioalma.eu\/bruselas\/?p=12631"},"modified":"2024-11-27T10:57:01","modified_gmt":"2024-11-27T09:57:01","slug":"laia-boloix-hace-un-repaso-de-todo-lo-que-ofrecen-los-plaisirs-dhiver-esta-navidad","status":"publish","type":"post","link":"https:\/\/radioalma.eu\/bruselas\/2024\/11\/27\/laia-boloix-hace-un-repaso-de-todo-lo-que-ofrecen-los-plaisirs-dhiver-esta-navidad\/","title":{"rendered":"Laia Boloix hace un repaso de todo lo que ofrecen los Plaisirs d&#8217;Hiver esta Navidad"},"content":{"rendered":"\n<p>Tenemos la Navidad a la vuelta de la esquina, por eso mismo<strong> Laia Boloix<\/strong> ha pasado por los micr\u00f3fonos de Bruselas con \u00d1 para contarnos que, como cada a\u00f1o, <strong>la ciudad se viste de gala para celebrar esta \u00e9poca del a\u00f1o con los Plaisirs d&#8217;Hiver.<\/strong><\/p>\n<p>Desde el 29 de noviembre hasta el 5 de enero, se podr\u00e1 disfrutar del mercadillo y todo tipo de actividades. Este a\u00f1o, <strong>Bruselas rinde homenaje a la regi\u00f3n francesa de Var<\/strong>, la esencia de la Provenza y la Costa Azul as\u00ed que la cultura, los olores y sabores mediterr\u00e1neos estar\u00e1n muy presentes pero hay m\u00e1s novedades.<\/p>\n<p>Esc\u00fachalas en &#8216;Les promenades de LB&#8217;:<\/p>\n\n\n\n<figure class=\"wp-block-embed is-type-rich is-provider-spotify wp-block-embed-spotify wp-embed-aspect-21-9 wp-has-aspect-ratio\"><div class=\"wp-block-embed__wrapper\">\n<iframe title=\"Spotify Embed: Les Promenades de LB: Plaisirs d&amp;apos;Hiver y sus novedades\" style=\"border-radius: 12px\" width=\"100%\" height=\"152\" frameborder=\"0\" allowfullscreen allow=\"autoplay; clipboard-write; encrypted-media; fullscreen; picture-in-picture\" loading=\"lazy\" src=\"https:\/\/open.spotify.com\/embed\/episode\/4YYImM06Y3lIqUCKplXb88?si=Qb6L_3n1QJ-p-gPPu-_Fkw&#038;utm_source=oembed\"><\/iframe>\n<\/div><\/figure>\n","protected":false},"excerpt":{"rendered":"<div class=\"mh-excerpt\"><p>Tenemos la Navidad a la vuelta de la esquina, por eso mismo Laia Boloix ha pasado por los micr\u00f3fonos de Bruselas con \u00d1 para contarnos que, como cada a\u00f1o, la ciudad se viste de gala <a class=\"mh-excerpt-more\" href=\"https:\/\/radioalma.eu\/bruselas\/2024\/11\/27\/laia-boloix-hace-un-repaso-de-todo-lo-que-ofrecen-los-plaisirs-dhiver-esta-navidad\/\" title=\"Laia Boloix hace un repaso de todo lo que ofrecen los Plaisirs d&#8217;Hiver esta Navidad\">[&#8230;]<\/a><\/p>\n<\/div>","protected":false},"author":51,"featured_media":12632,"comment_status":"open","ping_status":"open","sticky":false,"template":"","format":"standard","meta":{"footnotes":""},"categories":[2700],"tags":[],"class_list":{"0":"post-12631","1":"post","2":"type-post","3":"status-publish","4":"format-standard","5":"has-post-thumbnail","7":"category-cultura"},"_links":{"self":[{"href":"https:\/\/radioalma.eu\/bruselas\/wp-json\/wp\/v2\/posts\/12631","targetHints":{"allow":["GET"]}}],"collection":[{"href":"https:\/\/radioalma.eu\/bruselas\/wp-json\/wp\/v2\/posts"}],"about":[{"href":"https:\/\/radioalma.eu\/bruselas\/wp-json\/wp\/v2\/types\/post"}],"author":[{"embeddable":true,"href":"https:\/\/radioalma.eu\/bruselas\/wp-json\/wp\/v2\/users\/51"}],"replies":[{"embeddable":true,"href":"https:\/\/radioalma.eu\/bruselas\/wp-json\/wp\/v2\/comments?post=12631"}],"version-history":[{"count":0,"href":"https:\/\/radioalma.eu\/bruselas\/wp-json\/wp\/v2\/posts\/12631\/revisions"}],"wp:featuredmedia":[{"embeddable":true,"href":"https:\/\/radioalma.eu\/bruselas\/wp-json\/wp\/v2\/media\/12632"}],"wp:attachment":[{"href":"https:\/\/radioalma.eu\/bruselas\/wp-json\/wp\/v2\/media?parent=12631"}],"wp:term":[{"taxonomy":"category","embeddable":true,"href":"https:\/\/radioalma.eu\/bruselas\/wp-json\/wp\/v2\/categories?post=12631"},{"taxonomy":"post_tag","embeddable":true,"href":"https:\/\/radioalma.eu\/bruselas\/wp-json\/wp\/v2\/tags?post=12631"}],"curies":[{"name":"wp","href":"https:\/\/api.w.org\/{rel}","templated":true}]}}