{"id":12772,"date":"2025-01-13T15:06:39","date_gmt":"2025-01-13T14:06:39","guid":{"rendered":"https:\/\/radioalma.eu\/bruselas\/?p=12772"},"modified":"2025-01-14T11:33:45","modified_gmt":"2025-01-14T10:33:45","slug":"las-nevadas-historicas-de-bruselas-arquitectura-y-humor-protagonizan-el-primer-programa-de-2025","status":"publish","type":"post","link":"https:\/\/radioalma.eu\/bruselas\/2025\/01\/13\/las-nevadas-historicas-de-bruselas-arquitectura-y-humor-protagonizan-el-primer-programa-de-2025\/","title":{"rendered":"Las nevadas hist\u00f3ricas de Bruselas, arquitectura y humor protagonizan el primer programa de 2025"},"content":{"rendered":"\n<p>Con la llegada de los primeros copos de nieve, repasamos en un reportaje las nevadas m\u00e1s hist\u00f3ricas de Bruselas. Despu\u00e9s, salimos del estudio para visitar <strong>el proyecto <a href=\"https:\/\/www.espace-usine.com\/\">&#8216;L&#8217;Usine&#8217;<\/a> con Laia Boloix<\/strong> en sus <strong>&#8216;Promenades de LB&#8217;<\/strong>. Tras la visita a este maravilloso espacio, <strong>Luis Bellis y Lidia Pe\u00f1a<\/strong> vuelven a los micr\u00f3fonos para debatir en clave de humor en<strong> &#8216;Es broma pero no es mentira&#8217;<\/strong>.<\/p>\n\n\n\n\n\n<figure class=\"wp-block-embed is-type-rich is-provider-spotify wp-block-embed-spotify wp-embed-aspect-21-9 wp-has-aspect-ratio\"><div class=\"wp-block-embed__wrapper\">\n<iframe title=\"Spotify Embed: Bruselas con \u00d1 (11\/01\/25) - Parte I\" style=\"border-radius: 12px\" width=\"100%\" height=\"152\" frameborder=\"0\" allowfullscreen allow=\"autoplay; clipboard-write; encrypted-media; fullscreen; picture-in-picture\" loading=\"lazy\" src=\"https:\/\/open.spotify.com\/embed\/episode\/0hqB0DoGX7HnEsIR5IxgQQ?si=BPGX494zQHmoyGFOyPw87Q&#038;utm_source=oembed\"><\/iframe>\n<\/div><\/figure>\n\n\n\n<p>En la segunda parte, la m\u00fasica llen\u00f3 nuestro estudio. El pr\u00f3ximo 31 de enero el cantautor <strong>David S\u00e1nchez presenta &#8216;Consonancia&#8217; en Metaprosa.<\/strong> Escuchamos la entrevista que realizamos sobre este trabajo tan \u00edntimo.<\/p>\n\n\n\n<p>Despu\u00e9s, recibimos a<strong> Karan Novo y David Rebollo<\/strong>, dos de los organizadores del festival gallego <a href=\"https:\/\/www.festivalemigrason.com\/\"><strong>EmigraSON.<\/strong><\/a><\/p>\n\n\n\n<p>Como siempre, cerramos el programa desde la sala de cine para comentar con <strong>Ana Mart\u00ednez los premiados de los Globos de Oro.<\/strong><\/p>\n\n\n\n\n\n<figure class=\"wp-block-embed is-type-rich is-provider-spotify wp-block-embed-spotify wp-embed-aspect-21-9 wp-has-aspect-ratio\"><div class=\"wp-block-embed__wrapper\">\n<iframe title=\"Spotify Embed: Bruselas con \u00d1 (11\/01\/25) - Parte II\" style=\"border-radius: 12px\" width=\"100%\" height=\"152\" frameborder=\"0\" allowfullscreen allow=\"autoplay; clipboard-write; encrypted-media; fullscreen; picture-in-picture\" loading=\"lazy\" src=\"https:\/\/open.spotify.com\/embed\/episode\/5mOE0p7JLOJAn8jPC7xuOD?si=fgZq46taSciSGkK7uybzkQ&#038;utm_source=oembed\"><\/iframe>\n<\/div><\/figure>\n\n\n","protected":false},"excerpt":{"rendered":"<div class=\"mh-excerpt\"><p>Con la llegada de los primeros copos de nieve, repasamos en un reportaje las nevadas m\u00e1s hist\u00f3ricas de Bruselas. Despu\u00e9s, salimos del estudio para visitar el proyecto &#8216;L&#8217;Usine&#8217; con Laia Boloix en sus &#8216;Promenades de <a class=\"mh-excerpt-more\" href=\"https:\/\/radioalma.eu\/bruselas\/2025\/01\/13\/las-nevadas-historicas-de-bruselas-arquitectura-y-humor-protagonizan-el-primer-programa-de-2025\/\" title=\"Las nevadas hist\u00f3ricas de Bruselas, arquitectura y humor protagonizan el primer programa de 2025\">[&#8230;]<\/a><\/p>\n<\/div>","protected":false},"author":51,"featured_media":12790,"comment_status":"open","ping_status":"open","sticky":false,"template":"","format":"standard","meta":{"footnotes":""},"categories":[2700],"tags":[],"class_list":{"0":"post-12772","1":"post","2":"type-post","3":"status-publish","4":"format-standard","5":"has-post-thumbnail","7":"category-cultura"},"_links":{"self":[{"href":"https:\/\/radioalma.eu\/bruselas\/wp-json\/wp\/v2\/posts\/12772","targetHints":{"allow":["GET"]}}],"collection":[{"href":"https:\/\/radioalma.eu\/bruselas\/wp-json\/wp\/v2\/posts"}],"about":[{"href":"https:\/\/radioalma.eu\/bruselas\/wp-json\/wp\/v2\/types\/post"}],"author":[{"embeddable":true,"href":"https:\/\/radioalma.eu\/bruselas\/wp-json\/wp\/v2\/users\/51"}],"replies":[{"embeddable":true,"href":"https:\/\/radioalma.eu\/bruselas\/wp-json\/wp\/v2\/comments?post=12772"}],"version-history":[{"count":0,"href":"https:\/\/radioalma.eu\/bruselas\/wp-json\/wp\/v2\/posts\/12772\/revisions"}],"wp:featuredmedia":[{"embeddable":true,"href":"https:\/\/radioalma.eu\/bruselas\/wp-json\/wp\/v2\/media\/12790"}],"wp:attachment":[{"href":"https:\/\/radioalma.eu\/bruselas\/wp-json\/wp\/v2\/media?parent=12772"}],"wp:term":[{"taxonomy":"category","embeddable":true,"href":"https:\/\/radioalma.eu\/bruselas\/wp-json\/wp\/v2\/categories?post=12772"},{"taxonomy":"post_tag","embeddable":true,"href":"https:\/\/radioalma.eu\/bruselas\/wp-json\/wp\/v2\/tags?post=12772"}],"curies":[{"name":"wp","href":"https:\/\/api.w.org\/{rel}","templated":true}]}}