{"id":12780,"date":"2025-01-13T15:10:17","date_gmt":"2025-01-13T14:10:17","guid":{"rendered":"https:\/\/radioalma.eu\/bruselas\/?p=12780"},"modified":"2025-01-13T15:10:22","modified_gmt":"2025-01-13T14:10:22","slug":"ana-martinez-repasa-los-ganadores-de-los-globos-de-oro","status":"publish","type":"post","link":"https:\/\/radioalma.eu\/bruselas\/2025\/01\/13\/ana-martinez-repasa-los-ganadores-de-los-globos-de-oro\/","title":{"rendered":"Ana Mart\u00ednez repasa los ganadores de los Globos de Oro"},"content":{"rendered":"\n<p>La 82\u00aa edici\u00f3n de los <strong>Globos de Oro<\/strong>, celebrada el 5 de enero de 2025 en el Beverly Hilton de Beverly Hills, California, reconoci\u00f3 lo mejor del cine y la televisi\u00f3n del \u00faltimo a\u00f1o. Las pel\u00edculas \u00abEmilia P\u00e9rez\u00bb y \u00abThe Brutalist\u00bb fueron las grandes triunfadoras de la noche, mientras que en televisi\u00f3n destac\u00f3 la serie \u00abSh\u014dgun\u00bb.<\/p>\n<p>Repasamos estos y otros nombres <strong>en la sala de cine con Ana Mart\u00ednez.<\/strong><\/p>\n\n\n\n<figure class=\"wp-block-embed is-type-rich is-provider-spotify wp-block-embed-spotify wp-embed-aspect-21-9 wp-has-aspect-ratio\"><div class=\"wp-block-embed__wrapper\">\n<iframe title=\"Spotify Embed: Cine con Ana Mart\u00ednez: Los Globos de Oro\" style=\"border-radius: 12px\" width=\"100%\" height=\"152\" frameborder=\"0\" allowfullscreen allow=\"autoplay; clipboard-write; encrypted-media; fullscreen; picture-in-picture\" loading=\"lazy\" src=\"https:\/\/open.spotify.com\/embed\/episode\/5NMFfy5OXuV1qx850Qe16R?si=TQA5dotuTeCZL_3MtV0d6w&#038;utm_source=oembed\"><\/iframe>\n<\/div><\/figure>\n","protected":false},"excerpt":{"rendered":"<div class=\"mh-excerpt\"><p>La 82\u00aa edici\u00f3n de los Globos de Oro, celebrada el 5 de enero de 2025 en el Beverly Hilton de Beverly Hills, California, reconoci\u00f3 lo mejor del cine y la televisi\u00f3n del \u00faltimo a\u00f1o. Las <a class=\"mh-excerpt-more\" href=\"https:\/\/radioalma.eu\/bruselas\/2025\/01\/13\/ana-martinez-repasa-los-ganadores-de-los-globos-de-oro\/\" title=\"Ana Mart\u00ednez repasa los ganadores de los Globos de Oro\">[&#8230;]<\/a><\/p>\n<\/div>","protected":false},"author":51,"featured_media":12781,"comment_status":"open","ping_status":"open","sticky":false,"template":"","format":"standard","meta":{"footnotes":""},"categories":[2700],"tags":[],"class_list":{"0":"post-12780","1":"post","2":"type-post","3":"status-publish","4":"format-standard","5":"has-post-thumbnail","7":"category-cultura"},"_links":{"self":[{"href":"https:\/\/radioalma.eu\/bruselas\/wp-json\/wp\/v2\/posts\/12780","targetHints":{"allow":["GET"]}}],"collection":[{"href":"https:\/\/radioalma.eu\/bruselas\/wp-json\/wp\/v2\/posts"}],"about":[{"href":"https:\/\/radioalma.eu\/bruselas\/wp-json\/wp\/v2\/types\/post"}],"author":[{"embeddable":true,"href":"https:\/\/radioalma.eu\/bruselas\/wp-json\/wp\/v2\/users\/51"}],"replies":[{"embeddable":true,"href":"https:\/\/radioalma.eu\/bruselas\/wp-json\/wp\/v2\/comments?post=12780"}],"version-history":[{"count":0,"href":"https:\/\/radioalma.eu\/bruselas\/wp-json\/wp\/v2\/posts\/12780\/revisions"}],"wp:featuredmedia":[{"embeddable":true,"href":"https:\/\/radioalma.eu\/bruselas\/wp-json\/wp\/v2\/media\/12781"}],"wp:attachment":[{"href":"https:\/\/radioalma.eu\/bruselas\/wp-json\/wp\/v2\/media?parent=12780"}],"wp:term":[{"taxonomy":"category","embeddable":true,"href":"https:\/\/radioalma.eu\/bruselas\/wp-json\/wp\/v2\/categories?post=12780"},{"taxonomy":"post_tag","embeddable":true,"href":"https:\/\/radioalma.eu\/bruselas\/wp-json\/wp\/v2\/tags?post=12780"}],"curies":[{"name":"wp","href":"https:\/\/api.w.org\/{rel}","templated":true}]}}