{"id":12794,"date":"2025-01-20T12:24:32","date_gmt":"2025-01-20T11:24:32","guid":{"rendered":"https:\/\/radioalma.eu\/bruselas\/?p=12794"},"modified":"2025-01-20T12:33:31","modified_gmt":"2025-01-20T11:33:31","slug":"la-orquesta-de-reciclados-de-cateura-el-proyecto-que-convierte-la-basura-en-musica","status":"publish","type":"post","link":"https:\/\/radioalma.eu\/bruselas\/2025\/01\/20\/la-orquesta-de-reciclados-de-cateura-el-proyecto-que-convierte-la-basura-en-musica\/","title":{"rendered":"La Orquesta de Reciclados de Cateura, el proyecto que convierte la basura en m\u00fasica"},"content":{"rendered":"\n\n\n<p><b>\u2018El mundo nos env\u00eda basura, nosotros le devolvemos m\u00fasica\u2019. <\/b>Este es el lema de la <a href=\"_wp_link_placeholder\" data-wplink-edit=\"true\"><strong>Orquesta de Rediclados de Cateura<\/strong><\/a>, un conjunto con m\u00e1s de 20 a\u00f1os de historia que ha subido esta semana al escenario de <strong>La Vall\u00e9e.<\/strong>\u00a0<\/p>\n<p>Sus int\u00e9rpretes son un <strong>grupo de ni\u00f1os y j\u00f3venes en riesgo de exclusi\u00f3n social<\/strong> que residen en una comunidad\u00a0 instalada en el entorno del <strong>vertedero de Cateura<\/strong>, el principal y m\u00e1s grande vertedero de Asunci\u00f3n, la capital del <strong>Paraguay<\/strong>.<\/p>\n<p>Es, precisamente, de este<b> vertedero del que sacan los materiales para crear sus instrumentos. <\/b>Tras un minucioso trabajo de luter\u00eda, chapas, tenedores y otros restos se convierten en cellos, flautas, arpas que suenan de maravilla.<\/p>\n<p><b>Su historia se remonta al a\u00f1o 2006 <\/b>cuando su creador Favio Ch\u00e1vez tuvo la idea de utilizar la m\u00fasica para formar a ni\u00f1os y j\u00f3venes en condiciones de vulnerabilidad. Como dice su fundador, no tener nada no es excusa para no hacer nada, as\u00ed que su objetivo es <strong>crear oportunidades para sus integrantes a trav\u00e9s de la m\u00fasica.<\/strong><\/p>\n<p>Su <strong>repertorio es amplio<\/strong>, va desde la m\u00fasica cl\u00e1sica hasta los Beatles pasando por la m\u00fasica folkl\u00f3rica, la paraguaya y hasta Frank Sinatra. Sus notas les han llevado a actuar en pa\u00edses como Colombia, Brasil, Chile, Argentina, Ecuador, Per\u00fa, Panam\u00e1, Estados Unidos, Canad\u00e1, Noruega, Alemania, Francia, Holanda, Espa\u00f1a, Suiza, Palestina y Jap\u00f3n.\u00a0<\/p>\n<p>De hecho, llevan un mes de gira por Europa gracias a un proyecto en el que tambi\u00e9n est\u00e1 involucrada la <strong>Fundaci\u00f3n Reina Sof\u00eda de Espa\u00f1a<\/strong>. En nuestro pa\u00eds han ofrecido varios conciertos solidarios esta Navidad. En uno de ellos, incluso se unieron a los artistas del proyecto la <strong>M\u00fasica del Reciclaje<\/strong>, una iniciativa de Ecoembes con un objetivo muy similar a la de la orquesta de Cateura. Este a\u00f1o han subido juntos al escenario con artistas de la talla de <strong>Miguel R\u00edos o Iv\u00e1n Ferreiro.<\/strong><\/p>\n<p>Aprovechando el viaje a Espa\u00f1a, han actuado en distintos escenarios de otros pa\u00edses europeos como Francia, Italia, Pa\u00edses Bajos y tambi\u00e9n B\u00e9lgica. En su paso por la capital belga, pudimos hablar con el director del conjunto, <strong>Favio Ch\u00e1vez.<\/strong><b><\/b><\/p>\n<p>\u00a0<\/p>\n\n\n\n<figure class=\"wp-block-embed is-type-rich is-provider-spotify wp-block-embed-spotify wp-embed-aspect-21-9 wp-has-aspect-ratio\"><div class=\"wp-block-embed__wrapper\">\n<iframe title=\"Spotify Embed: Entrevista: Favio Ch\u00e1vez (director de la Orquesta de Reciclados de Cateura)\" style=\"border-radius: 12px\" width=\"100%\" height=\"152\" frameborder=\"0\" allowfullscreen allow=\"autoplay; clipboard-write; encrypted-media; fullscreen; picture-in-picture\" loading=\"lazy\" src=\"https:\/\/open.spotify.com\/embed\/episode\/5EeTenwdYX2azDQxHp2r5L?si=J3VAZQGcTeWgYhIVREgurA&#038;utm_source=oembed\"><\/iframe>\n<\/div><\/figure>\n\n\n","protected":false},"excerpt":{"rendered":"<div class=\"mh-excerpt\"><p>\u2018El mundo nos env\u00eda basura, nosotros le devolvemos m\u00fasica\u2019. Este es el lema de la Orquesta de Rediclados de Cateura, un conjunto con m\u00e1s de 20 a\u00f1os de historia que ha subido esta semana al <a class=\"mh-excerpt-more\" href=\"https:\/\/radioalma.eu\/bruselas\/2025\/01\/20\/la-orquesta-de-reciclados-de-cateura-el-proyecto-que-convierte-la-basura-en-musica\/\" title=\"La Orquesta de Reciclados de Cateura, el proyecto que convierte la basura en m\u00fasica\">[&#8230;]<\/a><\/p>\n<\/div>","protected":false},"author":51,"featured_media":12797,"comment_status":"open","ping_status":"open","sticky":false,"template":"","format":"standard","meta":{"footnotes":""},"categories":[2700],"tags":[],"class_list":{"0":"post-12794","1":"post","2":"type-post","3":"status-publish","4":"format-standard","5":"has-post-thumbnail","7":"category-cultura"},"_links":{"self":[{"href":"https:\/\/radioalma.eu\/bruselas\/wp-json\/wp\/v2\/posts\/12794","targetHints":{"allow":["GET"]}}],"collection":[{"href":"https:\/\/radioalma.eu\/bruselas\/wp-json\/wp\/v2\/posts"}],"about":[{"href":"https:\/\/radioalma.eu\/bruselas\/wp-json\/wp\/v2\/types\/post"}],"author":[{"embeddable":true,"href":"https:\/\/radioalma.eu\/bruselas\/wp-json\/wp\/v2\/users\/51"}],"replies":[{"embeddable":true,"href":"https:\/\/radioalma.eu\/bruselas\/wp-json\/wp\/v2\/comments?post=12794"}],"version-history":[{"count":0,"href":"https:\/\/radioalma.eu\/bruselas\/wp-json\/wp\/v2\/posts\/12794\/revisions"}],"wp:featuredmedia":[{"embeddable":true,"href":"https:\/\/radioalma.eu\/bruselas\/wp-json\/wp\/v2\/media\/12797"}],"wp:attachment":[{"href":"https:\/\/radioalma.eu\/bruselas\/wp-json\/wp\/v2\/media?parent=12794"}],"wp:term":[{"taxonomy":"category","embeddable":true,"href":"https:\/\/radioalma.eu\/bruselas\/wp-json\/wp\/v2\/categories?post=12794"},{"taxonomy":"post_tag","embeddable":true,"href":"https:\/\/radioalma.eu\/bruselas\/wp-json\/wp\/v2\/tags?post=12794"}],"curies":[{"name":"wp","href":"https:\/\/api.w.org\/{rel}","templated":true}]}}