{"id":12801,"date":"2025-01-20T12:57:38","date_gmt":"2025-01-20T11:57:38","guid":{"rendered":"https:\/\/radioalma.eu\/bruselas\/?p=12801"},"modified":"2025-01-20T13:01:10","modified_gmt":"2025-01-20T12:01:10","slug":"mar-pastor-presenta-amor-virico-un-romance-convertido-en-thriller-en-el-corazon-de-bruselas","status":"publish","type":"post","link":"https:\/\/radioalma.eu\/bruselas\/2025\/01\/20\/mar-pastor-presenta-amor-virico-un-romance-convertido-en-thriller-en-el-corazon-de-bruselas\/","title":{"rendered":"Mar Pastor presenta &#8216;Amor v\u00edrico&#8217;, un romance convertido en thriller en el coraz\u00f3n de Bruselas"},"content":{"rendered":"\n\n\n<p><strong>Mar Pastor<\/strong> nos ha presentado su nueva novela corta, <strong>Amor v\u00edrico<\/strong>. El libro, de menos de 80 p\u00e1ginas, nos cuenta la historia de Aurora. Esta mujer se enamora de Yvan en plena pandemia, tras verlo en el metro de la capital belga. Lo que parece un <strong>romance perfecto acaba convirti\u00e9ndose en un thriller<\/strong> que atrapa a Aurora \u2014 y a los lectores\u2014 hasta el final.\u00a0<\/p>\n\n\n\n<p>El libro se presentar\u00e1 de manera oficial este pr\u00f3ximo <strong>s\u00e1bado 25 de enero a las 16:30  en el Centro Cultural Metaprosa<\/strong>, junto  a la autora <strong>Isadora Guardia<\/strong>, guionista y profesora de Direcci\u00f3n Cinematogr\u00e1fica en la Universidad de Valencia.<\/p>\n\n\n\n<p>En Bruselas con \u00d1 tuvimos el placer de hablar con su escritora, Mar Pastor, que nos explic\u00f3 toda la verdad detr\u00e1s de sus p\u00e1ginas. Profundizamos en los personajes, en el contexto y en la visi\u00f3n de la autora valenciana, que desvel\u00f3 haberse <strong>basado en experiencias propias<\/strong> para la construcci\u00f3n de esta historia absorbente.\u00a0<\/p>\n\n\n\n\n\n<figure class=\"wp-block-embed is-type-rich is-provider-spotify wp-block-embed-spotify wp-embed-aspect-21-9 wp-has-aspect-ratio\"><div class=\"wp-block-embed__wrapper\">\n<iframe title=\"Spotify Embed: Entrevista: Mar Pastor (escritora)\" style=\"border-radius: 12px\" width=\"100%\" height=\"152\" frameborder=\"0\" allowfullscreen allow=\"autoplay; clipboard-write; encrypted-media; fullscreen; picture-in-picture\" loading=\"lazy\" src=\"https:\/\/open.spotify.com\/embed\/episode\/3sckECpxnNChf0cJWu9DeY?si=42d2d4851281485c&#038;utm_source=oembed\"><\/iframe>\n<\/div><\/figure>\n","protected":false},"excerpt":{"rendered":"<div class=\"mh-excerpt\"><p>Mar Pastor nos ha presentado su nueva novela corta, Amor v\u00edrico. El libro, de menos de 80 p\u00e1ginas, nos cuenta la historia de Aurora. Esta mujer se enamora de Yvan en plena pandemia, tras verlo <a class=\"mh-excerpt-more\" href=\"https:\/\/radioalma.eu\/bruselas\/2025\/01\/20\/mar-pastor-presenta-amor-virico-un-romance-convertido-en-thriller-en-el-corazon-de-bruselas\/\" title=\"Mar Pastor presenta &#8216;Amor v\u00edrico&#8217;, un romance convertido en thriller en el coraz\u00f3n de Bruselas\">[&#8230;]<\/a><\/p>\n<\/div>","protected":false},"author":51,"featured_media":12805,"comment_status":"open","ping_status":"open","sticky":false,"template":"","format":"standard","meta":{"footnotes":""},"categories":[2700,2731],"tags":[],"class_list":{"0":"post-12801","1":"post","2":"type-post","3":"status-publish","4":"format-standard","5":"has-post-thumbnail","7":"category-cultura","8":"category-literatura"},"_links":{"self":[{"href":"https:\/\/radioalma.eu\/bruselas\/wp-json\/wp\/v2\/posts\/12801","targetHints":{"allow":["GET"]}}],"collection":[{"href":"https:\/\/radioalma.eu\/bruselas\/wp-json\/wp\/v2\/posts"}],"about":[{"href":"https:\/\/radioalma.eu\/bruselas\/wp-json\/wp\/v2\/types\/post"}],"author":[{"embeddable":true,"href":"https:\/\/radioalma.eu\/bruselas\/wp-json\/wp\/v2\/users\/51"}],"replies":[{"embeddable":true,"href":"https:\/\/radioalma.eu\/bruselas\/wp-json\/wp\/v2\/comments?post=12801"}],"version-history":[{"count":0,"href":"https:\/\/radioalma.eu\/bruselas\/wp-json\/wp\/v2\/posts\/12801\/revisions"}],"wp:featuredmedia":[{"embeddable":true,"href":"https:\/\/radioalma.eu\/bruselas\/wp-json\/wp\/v2\/media\/12805"}],"wp:attachment":[{"href":"https:\/\/radioalma.eu\/bruselas\/wp-json\/wp\/v2\/media?parent=12801"}],"wp:term":[{"taxonomy":"category","embeddable":true,"href":"https:\/\/radioalma.eu\/bruselas\/wp-json\/wp\/v2\/categories?post=12801"},{"taxonomy":"post_tag","embeddable":true,"href":"https:\/\/radioalma.eu\/bruselas\/wp-json\/wp\/v2\/tags?post=12801"}],"curies":[{"name":"wp","href":"https:\/\/api.w.org\/{rel}","templated":true}]}}