{"id":12820,"date":"2025-01-20T13:26:08","date_gmt":"2025-01-20T12:26:08","guid":{"rendered":"https:\/\/radioalma.eu\/bruselas\/?p=12820"},"modified":"2025-01-20T13:26:13","modified_gmt":"2025-01-20T12:26:13","slug":"lidia-pena-nos-cuenta-su-navidad-a-la-belge-en-es-broma-pero-no-es-mentira","status":"publish","type":"post","link":"https:\/\/radioalma.eu\/bruselas\/2025\/01\/20\/lidia-pena-nos-cuenta-su-navidad-a-la-belge-en-es-broma-pero-no-es-mentira\/","title":{"rendered":"Lidia Pe\u00f1a nos cuenta su Navidad &#8216;\u00e0 la belge&#8217; en &#8216;Es broma pero no es mentira&#8217;"},"content":{"rendered":"\n<p>Lluvia, fr\u00edo, oscuridad, muchos turistas, mercadillos y, sobre todo, aburrimiento. As\u00ed han sido <strong>las navidades de Lidia Pe\u00f1a en B\u00e9lgica.<\/strong> Nuestra humorista y gu\u00eda tur\u00edstica decidi\u00f3 quedarse ante la masiva llegada de turistas de nuestro pa\u00eds pero es una experiencia que no est\u00e1 dispuesta a repetir. En esta edici\u00f3n de <strong>&#8216;Es broma pero no es mentira&#8217;<\/strong> nuestro estudio se convierte en un consulta de terapia para que Lidia pueda desahogarse contando el trauma que ha vivido.<\/p>\n\n\n\n<figure class=\"wp-block-embed is-type-rich is-provider-spotify wp-block-embed-spotify wp-embed-aspect-21-9 wp-has-aspect-ratio\"><div class=\"wp-block-embed__wrapper\">\n<iframe title=\"Spotify Embed: &amp;apos;Es broma pero no es mentira&amp;apos;: La Navidad de Lidia Pe\u00f1a\" style=\"border-radius: 12px\" width=\"100%\" height=\"152\" frameborder=\"0\" allowfullscreen allow=\"autoplay; clipboard-write; encrypted-media; fullscreen; picture-in-picture\" loading=\"lazy\" src=\"https:\/\/open.spotify.com\/embed\/episode\/4s0jEXUy9wHTZXV5XjwppN?si=6rdfUjmJTz2K2tuw-HsfMA&#038;utm_source=oembed\"><\/iframe>\n<\/div><\/figure>\n","protected":false},"excerpt":{"rendered":"<div class=\"mh-excerpt\"><p>Lluvia, fr\u00edo, oscuridad, muchos turistas, mercadillos y, sobre todo, aburrimiento. As\u00ed han sido las navidades de Lidia Pe\u00f1a en B\u00e9lgica. Nuestra humorista y gu\u00eda tur\u00edstica decidi\u00f3 quedarse ante la masiva llegada de turistas de nuestro <a class=\"mh-excerpt-more\" href=\"https:\/\/radioalma.eu\/bruselas\/2025\/01\/20\/lidia-pena-nos-cuenta-su-navidad-a-la-belge-en-es-broma-pero-no-es-mentira\/\" title=\"Lidia Pe\u00f1a nos cuenta su Navidad &#8216;\u00e0 la belge&#8217; en &#8216;Es broma pero no es mentira&#8217;\">[&#8230;]<\/a><\/p>\n<\/div>","protected":false},"author":51,"featured_media":12806,"comment_status":"open","ping_status":"open","sticky":false,"template":"","format":"standard","meta":{"footnotes":""},"categories":[2700],"tags":[],"class_list":{"0":"post-12820","1":"post","2":"type-post","3":"status-publish","4":"format-standard","5":"has-post-thumbnail","7":"category-cultura"},"_links":{"self":[{"href":"https:\/\/radioalma.eu\/bruselas\/wp-json\/wp\/v2\/posts\/12820","targetHints":{"allow":["GET"]}}],"collection":[{"href":"https:\/\/radioalma.eu\/bruselas\/wp-json\/wp\/v2\/posts"}],"about":[{"href":"https:\/\/radioalma.eu\/bruselas\/wp-json\/wp\/v2\/types\/post"}],"author":[{"embeddable":true,"href":"https:\/\/radioalma.eu\/bruselas\/wp-json\/wp\/v2\/users\/51"}],"replies":[{"embeddable":true,"href":"https:\/\/radioalma.eu\/bruselas\/wp-json\/wp\/v2\/comments?post=12820"}],"version-history":[{"count":0,"href":"https:\/\/radioalma.eu\/bruselas\/wp-json\/wp\/v2\/posts\/12820\/revisions"}],"wp:featuredmedia":[{"embeddable":true,"href":"https:\/\/radioalma.eu\/bruselas\/wp-json\/wp\/v2\/media\/12806"}],"wp:attachment":[{"href":"https:\/\/radioalma.eu\/bruselas\/wp-json\/wp\/v2\/media?parent=12820"}],"wp:term":[{"taxonomy":"category","embeddable":true,"href":"https:\/\/radioalma.eu\/bruselas\/wp-json\/wp\/v2\/categories?post=12820"},{"taxonomy":"post_tag","embeddable":true,"href":"https:\/\/radioalma.eu\/bruselas\/wp-json\/wp\/v2\/tags?post=12820"}],"curies":[{"name":"wp","href":"https:\/\/api.w.org\/{rel}","templated":true}]}}