{"id":12927,"date":"2025-02-03T14:37:37","date_gmt":"2025-02-03T13:37:37","guid":{"rendered":"https:\/\/radioalma.eu\/bruselas\/?p=12927"},"modified":"2025-02-03T14:37:41","modified_gmt":"2025-02-03T13:37:41","slug":"ruth-prieto-nos-trae-la-programacion-de-musica-clasica-de-bruselas-en-febrero","status":"publish","type":"post","link":"https:\/\/radioalma.eu\/bruselas\/2025\/02\/03\/ruth-prieto-nos-trae-la-programacion-de-musica-clasica-de-bruselas-en-febrero\/","title":{"rendered":"Ruth Prieto nos trae la programaci\u00f3n de m\u00fasica cl\u00e1sica de Bruselas en febrero"},"content":{"rendered":"\n<p>Vuelve la secci\u00f3n &#8216;M\u00fasica al dente&#8217;. En esta nueva entrega, Ruth Prieto nos tiene preparado un <strong>\u00abmen\u00fa musical\u00bb<\/strong> para disfrutar de la mejor m\u00fasica cl\u00e1sica de Bruselas para este mes de febrero.<\/p>\n<p>Primer plato en<strong> La Monnaie<\/strong>: la saga del Anillo de Wagner culmina con <em>El Crep\u00fasculo de los Dioses<\/em>. Segundo plato en <strong>Flagey<\/strong>: vuelven los\u00a0Flagey Piano Days, que se celebrar\u00e1n entre el 12 y el 16 de febrero.\u00a0 Postre en <strong>Bozar<\/strong>: <span style=\"color: initial\">el 7 de febrero, <\/span><span style=\"color: initial\">la Orquesta Nacional de B\u00e9lgica ofrece <\/span>un programa con <span style=\"color: initial\">Messiaen, <\/span><span style=\"color: initial\">Ravel y <\/span><span style=\"color: initial\">Debussy.<\/span><\/p>\n\n\n\n<figure class=\"wp-block-embed is-type-rich is-provider-spotify wp-block-embed-spotify wp-embed-aspect-21-9 wp-has-aspect-ratio\"><div class=\"wp-block-embed__wrapper\">\n<iframe title=\"Spotify Embed: &amp;apos;M\u00fasica al dente&amp;apos;: un men\u00fa musical para febrero\" style=\"border-radius: 12px\" width=\"100%\" height=\"152\" frameborder=\"0\" allowfullscreen allow=\"autoplay; clipboard-write; encrypted-media; fullscreen; picture-in-picture\" loading=\"lazy\" src=\"https:\/\/open.spotify.com\/embed\/episode\/5RI68FdnwsfIDcUGsp8rCs?si=125f1a45171b47ee&#038;utm_source=oembed\"><\/iframe>\n<\/div><\/figure>\n\n\n\n\n","protected":false},"excerpt":{"rendered":"<div class=\"mh-excerpt\"><p>Vuelve la secci\u00f3n &#8216;M\u00fasica al dente&#8217;. En esta nueva entrega, Ruth Prieto nos tiene preparado un \u00abmen\u00fa musical\u00bb para disfrutar de la mejor m\u00fasica cl\u00e1sica de Bruselas para este mes de febrero. Primer plato en <a class=\"mh-excerpt-more\" href=\"https:\/\/radioalma.eu\/bruselas\/2025\/02\/03\/ruth-prieto-nos-trae-la-programacion-de-musica-clasica-de-bruselas-en-febrero\/\" title=\"Ruth Prieto nos trae la programaci\u00f3n de m\u00fasica cl\u00e1sica de Bruselas en febrero\">[&#8230;]<\/a><\/p>\n<\/div>","protected":false},"author":51,"featured_media":12930,"comment_status":"open","ping_status":"open","sticky":false,"template":"","format":"standard","meta":{"footnotes":""},"categories":[2700],"tags":[],"class_list":{"0":"post-12927","1":"post","2":"type-post","3":"status-publish","4":"format-standard","5":"has-post-thumbnail","7":"category-cultura"},"_links":{"self":[{"href":"https:\/\/radioalma.eu\/bruselas\/wp-json\/wp\/v2\/posts\/12927","targetHints":{"allow":["GET"]}}],"collection":[{"href":"https:\/\/radioalma.eu\/bruselas\/wp-json\/wp\/v2\/posts"}],"about":[{"href":"https:\/\/radioalma.eu\/bruselas\/wp-json\/wp\/v2\/types\/post"}],"author":[{"embeddable":true,"href":"https:\/\/radioalma.eu\/bruselas\/wp-json\/wp\/v2\/users\/51"}],"replies":[{"embeddable":true,"href":"https:\/\/radioalma.eu\/bruselas\/wp-json\/wp\/v2\/comments?post=12927"}],"version-history":[{"count":0,"href":"https:\/\/radioalma.eu\/bruselas\/wp-json\/wp\/v2\/posts\/12927\/revisions"}],"wp:featuredmedia":[{"embeddable":true,"href":"https:\/\/radioalma.eu\/bruselas\/wp-json\/wp\/v2\/media\/12930"}],"wp:attachment":[{"href":"https:\/\/radioalma.eu\/bruselas\/wp-json\/wp\/v2\/media?parent=12927"}],"wp:term":[{"taxonomy":"category","embeddable":true,"href":"https:\/\/radioalma.eu\/bruselas\/wp-json\/wp\/v2\/categories?post=12927"},{"taxonomy":"post_tag","embeddable":true,"href":"https:\/\/radioalma.eu\/bruselas\/wp-json\/wp\/v2\/tags?post=12927"}],"curies":[{"name":"wp","href":"https:\/\/api.w.org\/{rel}","templated":true}]}}