{"id":12943,"date":"2025-02-03T13:30:56","date_gmt":"2025-02-03T12:30:56","guid":{"rendered":"https:\/\/radioalma.eu\/bruselas\/?p=12943"},"modified":"2025-02-03T13:30:59","modified_gmt":"2025-02-03T12:30:59","slug":"cine-analizamos-los-nominados-y-las-polemicas-detras-de-los-oscar-2025","status":"publish","type":"post","link":"https:\/\/radioalma.eu\/bruselas\/2025\/02\/03\/cine-analizamos-los-nominados-y-las-polemicas-detras-de-los-oscar-2025\/","title":{"rendered":"Cine: analizamos los nominados y las pol\u00e9micas detr\u00e1s de los Oscar 2025"},"content":{"rendered":"\n<p><strong>Ana Mart\u00ednez<\/strong> nos acompa\u00f1\u00f3 un d\u00eda m\u00e1s para seguir hablando de la gran ceremonia de premios estadounidense. Los <strong>Oscar 2025<\/strong> llegar\u00e1n en marzo y ya han dado mucho que hablar tras anunciar sus nominados.\u00a0<\/p>\n<p>Hablamos de <strong>&#8216;The Brutalist&#8217;<\/strong> y su impacto en la audiencia y de pel\u00edculas como <strong>&#8216;Emilia P\u00e9rez&#8217;<\/strong>, que parece no poder escaparse de<strong> todas las pol\u00e9micas<\/strong>.\u00a0<\/p>\n\n\n\n<figure class=\"wp-block-embed is-type-rich is-provider-spotify wp-block-embed-spotify wp-embed-aspect-21-9 wp-has-aspect-ratio\"><div class=\"wp-block-embed__wrapper\">\n<iframe title=\"Spotify Embed: Cine: los premios \u00d3scar, sus nominados y sus pol\u00e9micas\" style=\"border-radius: 12px\" width=\"100%\" height=\"152\" frameborder=\"0\" allowfullscreen allow=\"autoplay; clipboard-write; encrypted-media; fullscreen; picture-in-picture\" loading=\"lazy\" src=\"https:\/\/open.spotify.com\/embed\/episode\/7CQi6CmBEdNB2v4JSrBAJH?si=YR9MKCm7SiiP36fIj7uk7A&#038;utm_source=oembed\"><\/iframe>\n<\/div><\/figure>\n","protected":false},"excerpt":{"rendered":"<div class=\"mh-excerpt\"><p>Ana Mart\u00ednez nos acompa\u00f1\u00f3 un d\u00eda m\u00e1s para seguir hablando de la gran ceremonia de premios estadounidense. Los Oscar 2025 llegar\u00e1n en marzo y ya han dado mucho que hablar tras anunciar sus nominados.\u00a0 Hablamos <a class=\"mh-excerpt-more\" href=\"https:\/\/radioalma.eu\/bruselas\/2025\/02\/03\/cine-analizamos-los-nominados-y-las-polemicas-detras-de-los-oscar-2025\/\" title=\"Cine: analizamos los nominados y las pol\u00e9micas detr\u00e1s de los Oscar 2025\">[&#8230;]<\/a><\/p>\n<\/div>","protected":false},"author":51,"featured_media":12945,"comment_status":"open","ping_status":"open","sticky":false,"template":"","format":"standard","meta":{"footnotes":""},"categories":[2700],"tags":[],"class_list":{"0":"post-12943","1":"post","2":"type-post","3":"status-publish","4":"format-standard","5":"has-post-thumbnail","7":"category-cultura"},"_links":{"self":[{"href":"https:\/\/radioalma.eu\/bruselas\/wp-json\/wp\/v2\/posts\/12943","targetHints":{"allow":["GET"]}}],"collection":[{"href":"https:\/\/radioalma.eu\/bruselas\/wp-json\/wp\/v2\/posts"}],"about":[{"href":"https:\/\/radioalma.eu\/bruselas\/wp-json\/wp\/v2\/types\/post"}],"author":[{"embeddable":true,"href":"https:\/\/radioalma.eu\/bruselas\/wp-json\/wp\/v2\/users\/51"}],"replies":[{"embeddable":true,"href":"https:\/\/radioalma.eu\/bruselas\/wp-json\/wp\/v2\/comments?post=12943"}],"version-history":[{"count":0,"href":"https:\/\/radioalma.eu\/bruselas\/wp-json\/wp\/v2\/posts\/12943\/revisions"}],"wp:featuredmedia":[{"embeddable":true,"href":"https:\/\/radioalma.eu\/bruselas\/wp-json\/wp\/v2\/media\/12945"}],"wp:attachment":[{"href":"https:\/\/radioalma.eu\/bruselas\/wp-json\/wp\/v2\/media?parent=12943"}],"wp:term":[{"taxonomy":"category","embeddable":true,"href":"https:\/\/radioalma.eu\/bruselas\/wp-json\/wp\/v2\/categories?post=12943"},{"taxonomy":"post_tag","embeddable":true,"href":"https:\/\/radioalma.eu\/bruselas\/wp-json\/wp\/v2\/tags?post=12943"}],"curies":[{"name":"wp","href":"https:\/\/api.w.org\/{rel}","templated":true}]}}