{"id":12981,"date":"2025-02-10T12:27:32","date_gmt":"2025-02-10T11:27:32","guid":{"rendered":"https:\/\/radioalma.eu\/bruselas\/?p=12981"},"modified":"2025-02-10T12:27:36","modified_gmt":"2025-02-10T11:27:36","slug":"el-comico-miguel-angel-martin-trae-su-show-mas-tranquilo-hasta-la-capital-bruselense","status":"publish","type":"post","link":"https:\/\/radioalma.eu\/bruselas\/2025\/02\/10\/el-comico-miguel-angel-martin-trae-su-show-mas-tranquilo-hasta-la-capital-bruselense\/","title":{"rendered":"El c\u00f3mico Miguel \u00c1ngel Mart\u00edn trae su show \u00abM\u00e1s tranquilo\u00bb hasta la capital bruselense"},"content":{"rendered":"\n\n\n<p>\u00bfAlguien se acuerda de los v\u00eddeos en los que <strong>un c\u00f3mico, en pijama y con un caf\u00e9, hablaba de la vida en pandemia<\/strong>? Su <em>&#8216;Diario de pandemia&#8217;<\/em> se hizo viral y sus <strong>reflexiones sobre la vida cotidiana<\/strong> no dejaban a nadie indiferente.<strong> Miguel \u00c1ngel Mart\u00edn<\/strong>, c\u00f3mico y actor con una gran carrera bajo sus espaldas, se hizo viral y ha seguido creando <strong>todo un espect\u00e1culo lleno de risas y an\u00e9cdotas<\/strong>.<\/p>\n<p>Con su nuevo show, <em>&#8216;M\u00e1s tranquilo&#8217;<\/em> ha llegado lejos, hasta aterrizar en Bruselas. Se podr\u00e1 disfrutar en el <strong><a href=\"https:\/\/www.comediaenbruselas.es\/events\/miguel-angel-martin-mas-tranquilo\/\">Hotel Aloft el pr\u00f3ximo s\u00e1bado d\u00eda 15 a las 20:00<\/a><\/strong>. Miguel \u00c1ngel vino al programa para hablarnos del evento y contarnos todos los detalles.\u00a0<\/p>\n\n\n\n<figure class=\"wp-block-embed is-type-rich is-provider-spotify wp-block-embed-spotify wp-embed-aspect-21-9 wp-has-aspect-ratio\"><div class=\"wp-block-embed__wrapper\">\n<iframe title=\"Spotify Embed: Entrevista: Miguel \u00c1ngel Mart\u00edn (C\u00f3mico y actor)\" style=\"border-radius: 12px\" width=\"100%\" height=\"152\" frameborder=\"0\" allowfullscreen allow=\"autoplay; clipboard-write; encrypted-media; fullscreen; picture-in-picture\" loading=\"lazy\" src=\"https:\/\/open.spotify.com\/embed\/episode\/3Q3TwVErBJOnGjmHf8mesh?si=563762ae675f4e43&#038;utm_source=oembed\"><\/iframe>\n<\/div><\/figure>\n","protected":false},"excerpt":{"rendered":"<div class=\"mh-excerpt\"><p>\u00bfAlguien se acuerda de los v\u00eddeos en los que un c\u00f3mico, en pijama y con un caf\u00e9, hablaba de la vida en pandemia? Su &#8216;Diario de pandemia&#8217; se hizo viral y sus reflexiones sobre la <a class=\"mh-excerpt-more\" href=\"https:\/\/radioalma.eu\/bruselas\/2025\/02\/10\/el-comico-miguel-angel-martin-trae-su-show-mas-tranquilo-hasta-la-capital-bruselense\/\" title=\"El c\u00f3mico Miguel \u00c1ngel Mart\u00edn trae su show \u00abM\u00e1s tranquilo\u00bb hasta la capital bruselense\">[&#8230;]<\/a><\/p>\n<\/div>","protected":false},"author":51,"featured_media":12984,"comment_status":"open","ping_status":"open","sticky":false,"template":"","format":"standard","meta":{"footnotes":""},"categories":[2700,29],"tags":[],"class_list":{"0":"post-12981","1":"post","2":"type-post","3":"status-publish","4":"format-standard","5":"has-post-thumbnail","7":"category-cultura","8":"category-protagonista-de-la-semana"},"_links":{"self":[{"href":"https:\/\/radioalma.eu\/bruselas\/wp-json\/wp\/v2\/posts\/12981","targetHints":{"allow":["GET"]}}],"collection":[{"href":"https:\/\/radioalma.eu\/bruselas\/wp-json\/wp\/v2\/posts"}],"about":[{"href":"https:\/\/radioalma.eu\/bruselas\/wp-json\/wp\/v2\/types\/post"}],"author":[{"embeddable":true,"href":"https:\/\/radioalma.eu\/bruselas\/wp-json\/wp\/v2\/users\/51"}],"replies":[{"embeddable":true,"href":"https:\/\/radioalma.eu\/bruselas\/wp-json\/wp\/v2\/comments?post=12981"}],"version-history":[{"count":0,"href":"https:\/\/radioalma.eu\/bruselas\/wp-json\/wp\/v2\/posts\/12981\/revisions"}],"wp:featuredmedia":[{"embeddable":true,"href":"https:\/\/radioalma.eu\/bruselas\/wp-json\/wp\/v2\/media\/12984"}],"wp:attachment":[{"href":"https:\/\/radioalma.eu\/bruselas\/wp-json\/wp\/v2\/media?parent=12981"}],"wp:term":[{"taxonomy":"category","embeddable":true,"href":"https:\/\/radioalma.eu\/bruselas\/wp-json\/wp\/v2\/categories?post=12981"},{"taxonomy":"post_tag","embeddable":true,"href":"https:\/\/radioalma.eu\/bruselas\/wp-json\/wp\/v2\/tags?post=12981"}],"curies":[{"name":"wp","href":"https:\/\/api.w.org\/{rel}","templated":true}]}}