{"id":12986,"date":"2025-02-10T12:29:04","date_gmt":"2025-02-10T11:29:04","guid":{"rendered":"https:\/\/radioalma.eu\/bruselas\/?p=12986"},"modified":"2025-02-10T12:39:35","modified_gmt":"2025-02-10T11:39:35","slug":"la-sala-de-cine-vuelven-las-polemicas-con-karla-sofia-gascon-y-su-nominacion-en-los-oscar","status":"publish","type":"post","link":"https:\/\/radioalma.eu\/bruselas\/2025\/02\/10\/la-sala-de-cine-vuelven-las-polemicas-con-karla-sofia-gascon-y-su-nominacion-en-los-oscar\/","title":{"rendered":"&#8216;La sala de cine&#8217;: Vuelven las pol\u00e9micas con Karla Sof\u00eda Gasc\u00f3n y su nominaci\u00f3n en los Oscar"},"content":{"rendered":"\n<p>Una semana m\u00e1s <strong>Ana Mart\u00ednez<\/strong> y el equipo de Bruselas con \u00d1 conversamos sobre<strong> la ceremonia de premios de los Oscar<\/strong>, que sigue dando mucho que hablar. En el programa analizamos <strong>los tweets de Karla Sof\u00eda Gasc\u00f3n y las posteriores reacciones y consecuencias.<\/strong><\/p>\n<p>Tambi\u00e9n dejamos hueco para charlar de <strong>alguna de las pel\u00edculas espa\u00f1olas nominadas en<\/strong> <strong>la gala de los Goya 2025<\/strong>, que fue esa misma noche.\u00a0<\/p>\n<p>Y, despu\u00e9s de mucho tiempo acompa\u00f1ados en el estudio por el cine, \u00a1por fin hemos puesto nombre a la secci\u00f3n! Todo esto ocurri\u00f3 en <strong>&#8216;La sala de cine&#8217;<\/strong> de Ana Mart\u00ednez.\u00a0<\/p>\n<p>\u00a0<\/p>\n\n\n\n<figure class=\"wp-block-embed is-type-rich is-provider-spotify wp-block-embed-spotify wp-embed-aspect-21-9 wp-has-aspect-ratio\"><div class=\"wp-block-embed__wrapper\">\n<iframe title=\"Spotify Embed: &amp;apos;La sala de cine&amp;apos;: premios Goya 2025 y las pol\u00e9micas de los Oscar\" style=\"border-radius: 12px\" width=\"100%\" height=\"152\" frameborder=\"0\" allowfullscreen allow=\"autoplay; clipboard-write; encrypted-media; fullscreen; picture-in-picture\" loading=\"lazy\" src=\"https:\/\/open.spotify.com\/embed\/episode\/2H1tbcb9jVTiC034FNSHqY?si=89fa20ae6b194818&#038;utm_source=oembed\"><\/iframe>\n<\/div><\/figure>\n","protected":false},"excerpt":{"rendered":"<div class=\"mh-excerpt\">Una semana m\u00e1s Ana Mart\u00ednez y el equipo de Bruselas con \u00d1 conversamos sobre la ceremonia de premios de los Oscar, que sigue dando mucho que hablar. En el programa analizamos los tweets de Karla <a class=\"mh-excerpt-more\" href=\"https:\/\/radioalma.eu\/bruselas\/2025\/02\/10\/la-sala-de-cine-vuelven-las-polemicas-con-karla-sofia-gascon-y-su-nominacion-en-los-oscar\/\" title=\"&#8216;La sala de cine&#8217;: Vuelven las pol\u00e9micas con Karla Sof\u00eda Gasc\u00f3n y su nominaci\u00f3n en los Oscar\">[&#8230;]<\/a><\/div>\n","protected":false},"author":51,"featured_media":12989,"comment_status":"open","ping_status":"open","sticky":false,"template":"","format":"standard","meta":{"footnotes":""},"categories":[2700],"tags":[],"class_list":["post-12986","post","type-post","status-publish","format-standard","has-post-thumbnail","category-cultura"],"_links":{"self":[{"href":"https:\/\/radioalma.eu\/bruselas\/wp-json\/wp\/v2\/posts\/12986","targetHints":{"allow":["GET"]}}],"collection":[{"href":"https:\/\/radioalma.eu\/bruselas\/wp-json\/wp\/v2\/posts"}],"about":[{"href":"https:\/\/radioalma.eu\/bruselas\/wp-json\/wp\/v2\/types\/post"}],"author":[{"embeddable":true,"href":"https:\/\/radioalma.eu\/bruselas\/wp-json\/wp\/v2\/users\/51"}],"replies":[{"embeddable":true,"href":"https:\/\/radioalma.eu\/bruselas\/wp-json\/wp\/v2\/comments?post=12986"}],"version-history":[{"count":0,"href":"https:\/\/radioalma.eu\/bruselas\/wp-json\/wp\/v2\/posts\/12986\/revisions"}],"wp:featuredmedia":[{"embeddable":true,"href":"https:\/\/radioalma.eu\/bruselas\/wp-json\/wp\/v2\/media\/12989"}],"wp:attachment":[{"href":"https:\/\/radioalma.eu\/bruselas\/wp-json\/wp\/v2\/media?parent=12986"}],"wp:term":[{"taxonomy":"category","embeddable":true,"href":"https:\/\/radioalma.eu\/bruselas\/wp-json\/wp\/v2\/categories?post=12986"},{"taxonomy":"post_tag","embeddable":true,"href":"https:\/\/radioalma.eu\/bruselas\/wp-json\/wp\/v2\/tags?post=12986"}],"curies":[{"name":"wp","href":"https:\/\/api.w.org\/{rel}","templated":true}]}}