{"id":13069,"date":"2025-02-24T13:30:36","date_gmt":"2025-02-24T12:30:36","guid":{"rendered":"https:\/\/radioalma.eu\/bruselas\/?p=13069"},"modified":"2025-02-24T13:30:40","modified_gmt":"2025-02-24T12:30:40","slug":"la-ventana-del-pasado-nos-asomamos-a-los-origenes-y-la-tradicion-del-carnaval-belga","status":"publish","type":"post","link":"https:\/\/radioalma.eu\/bruselas\/2025\/02\/24\/la-ventana-del-pasado-nos-asomamos-a-los-origenes-y-la-tradicion-del-carnaval-belga\/","title":{"rendered":"&#8216;La ventana del pasado&#8217;: nos asomamos a los or\u00edgenes y la tradici\u00f3n del carnaval belga"},"content":{"rendered":"\n<p>Con motivo de la llegada de las primeras celebraciones de carnaval, <strong>Adriana Aparicio<\/strong> ha tra\u00eddo un repaso a su historia. en<strong> &#8216;La ventana del pasado&#8217;<\/strong> descubrimos los <strong>or\u00edgenes, la etimolog\u00eda y las diversas teor\u00edas<\/strong> que rodean a esta fiesta de disfraces.\u00a0<\/p>\n<p>En especial, quisimos profundizar en el carnaval belga, que tiene una gran diversidad de tradiciones y protagonistas.<strong> Carnavales mundialmente reconocidos, como el de Binche<\/strong>, pasando por costumbres propias de otros menos conocidos, para <strong>acabar hablando de su celebraci\u00f3n en Stavelot.<\/strong> Pudimos tener en el estudio a<strong> Jean-Marie Marquet, uno de los organizadores<\/strong> de esta festividad all\u00ed y nos acerc\u00f3 a su peculiar manera de vivir el carnaval.\u00a0<\/p>\n\n\n\n<figure class=\"wp-block-embed is-type-rich is-provider-spotify wp-block-embed-spotify wp-embed-aspect-21-9 wp-has-aspect-ratio\"><div class=\"wp-block-embed__wrapper\">\n<iframe title=\"Spotify Embed: &amp;apos;La ventana del pasado&amp;apos;: El carnaval\" style=\"border-radius: 12px\" width=\"100%\" height=\"152\" frameborder=\"0\" allowfullscreen allow=\"autoplay; clipboard-write; encrypted-media; fullscreen; picture-in-picture\" loading=\"lazy\" src=\"https:\/\/open.spotify.com\/embed\/episode\/7zMDFAY4ZTU4tlZEfDGbBl?si=0e3eccad7ed34501&#038;utm_source=oembed\"><\/iframe>\n<\/div><\/figure>\n","protected":false},"excerpt":{"rendered":"<div class=\"mh-excerpt\"><p>Con motivo de la llegada de las primeras celebraciones de carnaval, Adriana Aparicio ha tra\u00eddo un repaso a su historia. en &#8216;La ventana del pasado&#8217; descubrimos los or\u00edgenes, la etimolog\u00eda y las diversas teor\u00edas que <a class=\"mh-excerpt-more\" href=\"https:\/\/radioalma.eu\/bruselas\/2025\/02\/24\/la-ventana-del-pasado-nos-asomamos-a-los-origenes-y-la-tradicion-del-carnaval-belga\/\" title=\"&#8216;La ventana del pasado&#8217;: nos asomamos a los or\u00edgenes y la tradici\u00f3n del carnaval belga\">[&#8230;]<\/a><\/p>\n<\/div>","protected":false},"author":51,"featured_media":13071,"comment_status":"open","ping_status":"open","sticky":false,"template":"","format":"standard","meta":{"footnotes":""},"categories":[2700],"tags":[],"class_list":{"0":"post-13069","1":"post","2":"type-post","3":"status-publish","4":"format-standard","5":"has-post-thumbnail","7":"category-cultura"},"_links":{"self":[{"href":"https:\/\/radioalma.eu\/bruselas\/wp-json\/wp\/v2\/posts\/13069","targetHints":{"allow":["GET"]}}],"collection":[{"href":"https:\/\/radioalma.eu\/bruselas\/wp-json\/wp\/v2\/posts"}],"about":[{"href":"https:\/\/radioalma.eu\/bruselas\/wp-json\/wp\/v2\/types\/post"}],"author":[{"embeddable":true,"href":"https:\/\/radioalma.eu\/bruselas\/wp-json\/wp\/v2\/users\/51"}],"replies":[{"embeddable":true,"href":"https:\/\/radioalma.eu\/bruselas\/wp-json\/wp\/v2\/comments?post=13069"}],"version-history":[{"count":0,"href":"https:\/\/radioalma.eu\/bruselas\/wp-json\/wp\/v2\/posts\/13069\/revisions"}],"wp:featuredmedia":[{"embeddable":true,"href":"https:\/\/radioalma.eu\/bruselas\/wp-json\/wp\/v2\/media\/13071"}],"wp:attachment":[{"href":"https:\/\/radioalma.eu\/bruselas\/wp-json\/wp\/v2\/media?parent=13069"}],"wp:term":[{"taxonomy":"category","embeddable":true,"href":"https:\/\/radioalma.eu\/bruselas\/wp-json\/wp\/v2\/categories?post=13069"},{"taxonomy":"post_tag","embeddable":true,"href":"https:\/\/radioalma.eu\/bruselas\/wp-json\/wp\/v2\/tags?post=13069"}],"curies":[{"name":"wp","href":"https:\/\/api.w.org\/{rel}","templated":true}]}}