{"id":13076,"date":"2025-02-24T13:31:21","date_gmt":"2025-02-24T12:31:21","guid":{"rendered":"https:\/\/radioalma.eu\/bruselas\/?p=13076"},"modified":"2025-02-24T13:31:26","modified_gmt":"2025-02-24T12:31:26","slug":"ana-martinez-repasa-los-ultimos-estrenos-de-la-cartelera-belga","status":"publish","type":"post","link":"https:\/\/radioalma.eu\/bruselas\/2025\/02\/24\/ana-martinez-repasa-los-ultimos-estrenos-de-la-cartelera-belga\/","title":{"rendered":"Ana Mart\u00ednez repasa los \u00faltimos estrenos de la cartelera belga"},"content":{"rendered":"\n<p>En esta entrega de &#8216;<strong>La sala de cine\u2019 de Ana Mart\u00ednez, <\/strong>tenemos un programa variado donde<strong> r<\/strong><strong>ecapitulamos los premios \u00d3scar, repasamos la cartelera y comentamos los \u00faltimos estrenos<\/strong>.<\/p>\n<p>A falta de una semana para la gran gala de los \u00d3scar, nuestros colaboradores ya han hecho sus apuestas. \u00a1<strong>Os recordamos que ya se puede participar en la\u00a0<a href=\"https:\/\/docs.google.com\/forms\/d\/e\/1FAIpQLSft1KaTkYVtRwFVwhNdHu3ZiJd__v3L3oNGVFOVg9EFky9JTQ\/viewform?usp=sharing&amp;fbclid=PAZXh0bgNhZW0CMTEAAaavCWjxqGUaOrbTgnemiIV2JXJbKbLqpvwwYWZXkaJsB2jPmVrLkgh5d3Y_aem_GMLOU92WxQUvVcQ2kwprFw\">porra de los \u00d3scar 2025<\/a> que organiza el programa! <\/strong><\/p>\n<p>Tras repasar los \u00d3scar, nuestra experta en cine Ana Mart\u00ednez nos ha hablado de los \u00faltimos estrenos de la cartelera belga: <strong>A Complete Unknown, Volver\u00e9is, Dis-moi juste que tu m&#8217;aimes, Mercato.<\/strong>.. y muchas m\u00e1s.<\/p>\n<p>\u00a0<\/p>\n\n\n\n<figure class=\"wp-block-embed is-type-rich is-provider-spotify wp-block-embed-spotify wp-embed-aspect-21-9 wp-has-aspect-ratio\"><div class=\"wp-block-embed__wrapper\">\n<iframe title=\"Spotify Embed: &amp;apos;La sala de cine&amp;apos;: Ana Mart\u00ednez repasa los \u00faltimos estrenos en cartelera\" style=\"border-radius: 12px\" width=\"100%\" height=\"152\" frameborder=\"0\" allowfullscreen allow=\"autoplay; clipboard-write; encrypted-media; fullscreen; picture-in-picture\" loading=\"lazy\" src=\"https:\/\/open.spotify.com\/embed\/episode\/2NQyYmrjJagQgUK1coabCU?si=868ffd1556f44f5d&#038;utm_source=oembed\"><\/iframe>\n<\/div><\/figure>\n\n\n","protected":false},"excerpt":{"rendered":"<div class=\"mh-excerpt\"><p>En esta entrega de &#8216;La sala de cine\u2019 de Ana Mart\u00ednez, tenemos un programa variado donde recapitulamos los premios \u00d3scar, repasamos la cartelera y comentamos los \u00faltimos estrenos. A falta de una semana para la <a class=\"mh-excerpt-more\" href=\"https:\/\/radioalma.eu\/bruselas\/2025\/02\/24\/ana-martinez-repasa-los-ultimos-estrenos-de-la-cartelera-belga\/\" title=\"Ana Mart\u00ednez repasa los \u00faltimos estrenos de la cartelera belga\">[&#8230;]<\/a><\/p>\n<\/div>","protected":false},"author":51,"featured_media":13077,"comment_status":"open","ping_status":"open","sticky":false,"template":"","format":"standard","meta":{"footnotes":""},"categories":[2700],"tags":[],"class_list":{"0":"post-13076","1":"post","2":"type-post","3":"status-publish","4":"format-standard","5":"has-post-thumbnail","7":"category-cultura"},"_links":{"self":[{"href":"https:\/\/radioalma.eu\/bruselas\/wp-json\/wp\/v2\/posts\/13076","targetHints":{"allow":["GET"]}}],"collection":[{"href":"https:\/\/radioalma.eu\/bruselas\/wp-json\/wp\/v2\/posts"}],"about":[{"href":"https:\/\/radioalma.eu\/bruselas\/wp-json\/wp\/v2\/types\/post"}],"author":[{"embeddable":true,"href":"https:\/\/radioalma.eu\/bruselas\/wp-json\/wp\/v2\/users\/51"}],"replies":[{"embeddable":true,"href":"https:\/\/radioalma.eu\/bruselas\/wp-json\/wp\/v2\/comments?post=13076"}],"version-history":[{"count":0,"href":"https:\/\/radioalma.eu\/bruselas\/wp-json\/wp\/v2\/posts\/13076\/revisions"}],"wp:featuredmedia":[{"embeddable":true,"href":"https:\/\/radioalma.eu\/bruselas\/wp-json\/wp\/v2\/media\/13077"}],"wp:attachment":[{"href":"https:\/\/radioalma.eu\/bruselas\/wp-json\/wp\/v2\/media?parent=13076"}],"wp:term":[{"taxonomy":"category","embeddable":true,"href":"https:\/\/radioalma.eu\/bruselas\/wp-json\/wp\/v2\/categories?post=13076"},{"taxonomy":"post_tag","embeddable":true,"href":"https:\/\/radioalma.eu\/bruselas\/wp-json\/wp\/v2\/tags?post=13076"}],"curies":[{"name":"wp","href":"https:\/\/api.w.org\/{rel}","templated":true}]}}