{"id":13145,"date":"2025-03-10T15:26:28","date_gmt":"2025-03-10T14:26:28","guid":{"rendered":"https:\/\/radioalma.eu\/bruselas\/?p=13145"},"modified":"2025-03-10T15:26:33","modified_gmt":"2025-03-10T14:26:33","slug":"la-ventana-del-pasado-la-historia-de-la-lucha-de-las-mujeres-en-compania-de-aroa-chao-y-su-begin-the-beguine","status":"publish","type":"post","link":"https:\/\/radioalma.eu\/bruselas\/2025\/03\/10\/la-ventana-del-pasado-la-historia-de-la-lucha-de-las-mujeres-en-compania-de-aroa-chao-y-su-begin-the-beguine\/","title":{"rendered":"&#8216;La ventana del pasado&#8217;: la historia de la lucha de las mujeres, en compa\u00f1\u00eda de Aroa Chao y su &#8216;Begin the beguine&#8217;"},"content":{"rendered":"\n<p>El programa del s\u00e1bado estuvo dedicado al 8M y c\u00f3mo no pod\u00eda ser de otra manera, en nuestra secci\u00f3n de <strong>&#8216;La ventana del pasado&#8217;<\/strong> hablamos de momentos importantes de <strong>la lucha feminista. Adriana Aparicio<\/strong> nos traslad\u00f3 a un centenar de a\u00f1os de <strong>muchas protestas, de huelgas y de manifestaciones en pro de conseguir derechos para las mujeres.\u00a0<\/strong><\/p>\n<p>\u00a0<\/p>\n\n\n\n<figure class=\"wp-block-embed is-type-rich is-provider-spotify wp-block-embed-spotify wp-embed-aspect-21-9 wp-has-aspect-ratio\"><div class=\"wp-block-embed__wrapper\">\n<iframe title=\"Spotify Embed: &amp;apos;La ventana del pasado&amp;apos;: Historia del 8M\" style=\"border-radius: 12px\" width=\"100%\" height=\"152\" frameborder=\"0\" allowfullscreen allow=\"autoplay; clipboard-write; encrypted-media; fullscreen; picture-in-picture\" loading=\"lazy\" src=\"https:\/\/open.spotify.com\/embed\/episode\/5dQCwfvYpJrSNVcg2ek741?si=j4dfSzgRQsq75ZGdYcyGOg&#038;utm_source=oembed\"><\/iframe>\n<\/div><\/figure>\n\n\n\n<p>\u00a0<\/p>\n<p>Mujeres irlandesas, nigerianas, rusas o alemanas precedieron una lucha que sigue a d\u00eda de hoy. Porque <strong>ninguna mujer lo ten\u00eda f\u00e1cil para defender sus ideales, valores y ser independiente. Y si no que se lo digan a <\/strong><strong>las beguinas.\u00a0<\/strong><\/p>\n<p>Qui\u00e9nes fueron estas mujeres que viv\u00edan en comunidad? C\u00f3mo se financiaban? Qu\u00e9 nos queda de su legado? Respondemos a estas y otras preguntas con <strong>Aroa Chao, una creadora que lidera desde 2022 <a href=\"https:\/\/www.instagram.com\/begin.thebeguine\/\"><em>&#8216;Begin the beguine&#8217;<\/em><\/a> ,<\/strong> un proyecto dedicado a rescatar la historia de estas mujeres.<\/p>\n\n\n\n\n\n<figure class=\"wp-block-embed is-type-rich is-provider-spotify wp-block-embed-spotify wp-embed-aspect-21-9 wp-has-aspect-ratio\"><div class=\"wp-block-embed__wrapper\">\n<iframe title=\"Spotify Embed: Entrevista: Aroa Chao (artista)\" style=\"border-radius: 12px\" width=\"100%\" height=\"152\" frameborder=\"0\" allowfullscreen allow=\"autoplay; clipboard-write; encrypted-media; fullscreen; picture-in-picture\" loading=\"lazy\" src=\"https:\/\/open.spotify.com\/embed\/episode\/5zuoeuCNS5DqIgIchiGMNI?si=eZffnf-2T0iPnqkrdkI2qA&#038;utm_source=oembed\"><\/iframe>\n<\/div><\/figure>\n","protected":false},"excerpt":{"rendered":"<div class=\"mh-excerpt\"><p>El programa del s\u00e1bado estuvo dedicado al 8M y c\u00f3mo no pod\u00eda ser de otra manera, en nuestra secci\u00f3n de &#8216;La ventana del pasado&#8217; hablamos de momentos importantes de la lucha feminista. Adriana Aparicio nos <a class=\"mh-excerpt-more\" href=\"https:\/\/radioalma.eu\/bruselas\/2025\/03\/10\/la-ventana-del-pasado-la-historia-de-la-lucha-de-las-mujeres-en-compania-de-aroa-chao-y-su-begin-the-beguine\/\" title=\"&#8216;La ventana del pasado&#8217;: la historia de la lucha de las mujeres, en compa\u00f1\u00eda de Aroa Chao y su &#8216;Begin the beguine&#8217;\">[&#8230;]<\/a><\/p>\n<\/div>","protected":false},"author":51,"featured_media":13147,"comment_status":"open","ping_status":"open","sticky":false,"template":"","format":"standard","meta":{"footnotes":""},"categories":[2700,29],"tags":[],"class_list":{"0":"post-13145","1":"post","2":"type-post","3":"status-publish","4":"format-standard","5":"has-post-thumbnail","7":"category-cultura","8":"category-protagonista-de-la-semana"},"_links":{"self":[{"href":"https:\/\/radioalma.eu\/bruselas\/wp-json\/wp\/v2\/posts\/13145","targetHints":{"allow":["GET"]}}],"collection":[{"href":"https:\/\/radioalma.eu\/bruselas\/wp-json\/wp\/v2\/posts"}],"about":[{"href":"https:\/\/radioalma.eu\/bruselas\/wp-json\/wp\/v2\/types\/post"}],"author":[{"embeddable":true,"href":"https:\/\/radioalma.eu\/bruselas\/wp-json\/wp\/v2\/users\/51"}],"replies":[{"embeddable":true,"href":"https:\/\/radioalma.eu\/bruselas\/wp-json\/wp\/v2\/comments?post=13145"}],"version-history":[{"count":0,"href":"https:\/\/radioalma.eu\/bruselas\/wp-json\/wp\/v2\/posts\/13145\/revisions"}],"wp:featuredmedia":[{"embeddable":true,"href":"https:\/\/radioalma.eu\/bruselas\/wp-json\/wp\/v2\/media\/13147"}],"wp:attachment":[{"href":"https:\/\/radioalma.eu\/bruselas\/wp-json\/wp\/v2\/media?parent=13145"}],"wp:term":[{"taxonomy":"category","embeddable":true,"href":"https:\/\/radioalma.eu\/bruselas\/wp-json\/wp\/v2\/categories?post=13145"},{"taxonomy":"post_tag","embeddable":true,"href":"https:\/\/radioalma.eu\/bruselas\/wp-json\/wp\/v2\/tags?post=13145"}],"curies":[{"name":"wp","href":"https:\/\/api.w.org\/{rel}","templated":true}]}}