{"id":13160,"date":"2025-03-10T15:05:38","date_gmt":"2025-03-10T14:05:38","guid":{"rendered":"https:\/\/radioalma.eu\/bruselas\/?p=13160"},"modified":"2025-03-10T15:05:45","modified_gmt":"2025-03-10T14:05:45","slug":"musica-al-dente-ruth-prieto-nos-trae-una-agenda-repleta-de-artistas-femeninas","status":"publish","type":"post","link":"https:\/\/radioalma.eu\/bruselas\/2025\/03\/10\/musica-al-dente-ruth-prieto-nos-trae-una-agenda-repleta-de-artistas-femeninas\/","title":{"rendered":"&#8216;M\u00fasica al dente&#8217;: Ruth Prieto nos trae una agenda repleta de artistas femeninas"},"content":{"rendered":"\n<p>Otra de las voces en femenino del programa, <strong>Ruth Prieto<\/strong>, volvi\u00f3 al estudio como es habitual con <strong>su men\u00fa musical de este mes.<\/strong> En <strong>&#8216;M\u00fasica al dente&#8217;<\/strong> nos habl\u00f3 de grandes conciertos y espect\u00e1culos que no nos podemos perder. Eso s\u00ed, todos ellos <strong>liderados por grandes mujeres<\/strong>.<\/p>\n<p>Un men\u00fa con un primer, plato, un segundo, un postre y con sorpresa incluida, Ruth nos habla de <strong>eventos en <em>La Monnaie<\/em>, en<em> BOZAR<\/em>&#8230;<\/strong> pero tambi\u00e9n <strong>nos trae una ganadora de \u00d3scar muy relacionada con la historia de la m\u00fasica y las orquestas.\u00a0<\/strong><\/p>\n<p>\u00a0<\/p>\n\n\n\n<figure class=\"wp-block-embed is-type-rich is-provider-spotify wp-block-embed-spotify wp-embed-aspect-21-9 wp-has-aspect-ratio\"><div class=\"wp-block-embed__wrapper\">\n<iframe title=\"Spotify Embed: &amp;apos;M\u00fasica al dente&amp;apos;: Men\u00fa musical de marzo\" style=\"border-radius: 12px\" width=\"100%\" height=\"152\" frameborder=\"0\" allowfullscreen allow=\"autoplay; clipboard-write; encrypted-media; fullscreen; picture-in-picture\" loading=\"lazy\" src=\"https:\/\/open.spotify.com\/embed\/episode\/7erf2CsZDlChTxgXdZIsUb?si=l-rfH1BERqafG3T-ZPIFgQ&#038;utm_source=oembed\"><\/iframe>\n<\/div><\/figure>\n","protected":false},"excerpt":{"rendered":"<div class=\"mh-excerpt\"><p>Otra de las voces en femenino del programa, Ruth Prieto, volvi\u00f3 al estudio como es habitual con su men\u00fa musical de este mes. En &#8216;M\u00fasica al dente&#8217; nos habl\u00f3 de grandes conciertos y espect\u00e1culos que <a class=\"mh-excerpt-more\" href=\"https:\/\/radioalma.eu\/bruselas\/2025\/03\/10\/musica-al-dente-ruth-prieto-nos-trae-una-agenda-repleta-de-artistas-femeninas\/\" title=\"&#8216;M\u00fasica al dente&#8217;: Ruth Prieto nos trae una agenda repleta de artistas femeninas\">[&#8230;]<\/a><\/p>\n<\/div>","protected":false},"author":51,"featured_media":13162,"comment_status":"open","ping_status":"open","sticky":false,"template":"","format":"standard","meta":{"footnotes":""},"categories":[26,2700],"tags":[],"class_list":{"0":"post-13160","1":"post","2":"type-post","3":"status-publish","4":"format-standard","5":"has-post-thumbnail","7":"category-agenda-cultural","8":"category-cultura"},"_links":{"self":[{"href":"https:\/\/radioalma.eu\/bruselas\/wp-json\/wp\/v2\/posts\/13160","targetHints":{"allow":["GET"]}}],"collection":[{"href":"https:\/\/radioalma.eu\/bruselas\/wp-json\/wp\/v2\/posts"}],"about":[{"href":"https:\/\/radioalma.eu\/bruselas\/wp-json\/wp\/v2\/types\/post"}],"author":[{"embeddable":true,"href":"https:\/\/radioalma.eu\/bruselas\/wp-json\/wp\/v2\/users\/51"}],"replies":[{"embeddable":true,"href":"https:\/\/radioalma.eu\/bruselas\/wp-json\/wp\/v2\/comments?post=13160"}],"version-history":[{"count":0,"href":"https:\/\/radioalma.eu\/bruselas\/wp-json\/wp\/v2\/posts\/13160\/revisions"}],"wp:featuredmedia":[{"embeddable":true,"href":"https:\/\/radioalma.eu\/bruselas\/wp-json\/wp\/v2\/media\/13162"}],"wp:attachment":[{"href":"https:\/\/radioalma.eu\/bruselas\/wp-json\/wp\/v2\/media?parent=13160"}],"wp:term":[{"taxonomy":"category","embeddable":true,"href":"https:\/\/radioalma.eu\/bruselas\/wp-json\/wp\/v2\/categories?post=13160"},{"taxonomy":"post_tag","embeddable":true,"href":"https:\/\/radioalma.eu\/bruselas\/wp-json\/wp\/v2\/tags?post=13160"}],"curies":[{"name":"wp","href":"https:\/\/api.w.org\/{rel}","templated":true}]}}