{"id":13190,"date":"2025-03-14T13:04:00","date_gmt":"2025-03-14T12:04:00","guid":{"rendered":"https:\/\/radioalma.eu\/bruselas\/?p=13190"},"modified":"2025-03-18T12:21:52","modified_gmt":"2025-03-18T11:21:52","slug":"un-programa-dedicado-al-gusto-culinario-al-arte-y-a-visitas-culturales-nocturnas","status":"publish","type":"post","link":"https:\/\/radioalma.eu\/bruselas\/2025\/03\/14\/un-programa-dedicado-al-gusto-culinario-al-arte-y-a-visitas-culturales-nocturnas\/","title":{"rendered":"Un programa dedicado al gusto culinario, al arte y a visitas culturales&#8230; \u00a1nocturnas!"},"content":{"rendered":"\n<p><span style=\"font-weight: 400\">El programa del pasado s\u00e1bado comenz\u00f3 con un repaso a la actualidad y sobre todo a la actualidad cultural, porque hicimos <strong>un peque\u00f1o especial del Festival \u2018Les Nocturnes\u2019. \u00bfAlguna vez hab\u00e9is querido estar de noche en el museo?<\/strong> Ser\u00e1 posible en muchos centros de Bruselas gracias a este evento y nosotros os trajimos algunos de los m\u00e1s destacados.\u00a0<\/span><\/p>\n<p><span style=\"font-weight: 400\">Despu\u00e9s, seguimos hablando de arte\u2026 <strong>\u00a1En este caso arte con comida!<\/strong> <strong>Ana Laura Duarte<\/strong> es una artista que crea a partir de los alimentos, de hecho, ella misma dice que su trabajo empieza en algo tan cotidiano como hacer la compra. Y se convierte<strong> en grandes exposiciones, talleres\u2026 Donde se come, se hace comunidad y se aprende mucho.<\/strong> \u00a1No hay que perderse esta experiencia culinaria!<\/span><\/p>\n<p><span style=\"font-weight: 400\">Y para dar fin a la primera parte, seguimos hablando del sentido del gusto pero con un aspecto m\u00e1s filos\u00f3fico.<strong> Txomin Lasa<\/strong> volvi\u00f3 a nuestro estudio para plantearnos dilemas relacionados con <strong>el mundo del arte, el sentido del gusto y su relaci\u00f3n<\/strong> en <strong>\u2018Qu\u00e9 dilema tan grande\u2019<\/strong>. \u00bfSon todos los sentidos igual de subjetivos?<\/span><\/p>\n\n\n\n<figure class=\"wp-block-embed is-type-rich is-provider-spotify wp-block-embed-spotify wp-embed-aspect-21-9 wp-has-aspect-ratio\"><div class=\"wp-block-embed__wrapper\">\n<iframe title=\"Spotify Embed: Bruselas con \u00d1 (15\/03\/25) - Parte I\" style=\"border-radius: 12px\" width=\"100%\" height=\"152\" frameborder=\"0\" allowfullscreen allow=\"autoplay; clipboard-write; encrypted-media; fullscreen; picture-in-picture\" loading=\"lazy\" src=\"https:\/\/open.spotify.com\/embed\/episode\/3ntWMHjW3sDgPdT2nXMqvr?si=TrFNUC7kS1u2R4sQdgydZw&#038;utm_source=oembed\"><\/iframe>\n<\/div><\/figure>\n\n\n\n<p>Arrancamos la segunda parte con nuestros humoristas favoritos:<strong> Lidia Pe\u00f1a y Luis Bellis.<\/strong> En <strong>\u2018Es broma pero no es mentira\u2019<\/strong> nos abordaron un debate sobre comida: <strong>Hablamos de la gastronom\u00eda t\u00edpica belga y la comparamos con la espa\u00f1ola\u2026<\/strong> \u00bfCu\u00e1l ser\u00e1 un men\u00fa perfecto para ellos?\u00a0<\/p>\n<p>Y dejamos la alimentaci\u00f3n atr\u00e1s para adentrarnos en uno de los museos m\u00e1s llamativos de Bruselas. En <strong>\u2018Les promenades de LB\u2019<\/strong> nos fuimos de<strong> paseo hasta las cloacas de la capital para visitar el Museo del Alcantarillado<\/strong>, que es uno de los centros que se pueden visitar con Les Nocturnes. \u00bfPodr\u00e1 <strong>Laia Bolox<\/strong> convencernos para ir?<\/p>\n<p>Y c\u00f3mo no, terminamos el programa en <strong>\u2018La sala de cine\u2019 con Ana Mart\u00ednez.<\/strong> Volvimos a nuestra programaci\u00f3n habitual, hablando<strong> de los estrenos en cartelera y las recomendaciones<\/strong> cinematogr\u00e1ficas de la semana.\u00a0<\/p>\n\n\n\n<figure class=\"wp-block-embed is-type-rich is-provider-spotify wp-block-embed-spotify wp-embed-aspect-21-9 wp-has-aspect-ratio\"><div class=\"wp-block-embed__wrapper\">\n<iframe title=\"Spotify Embed: Bruselas con \u00d1 (15\/03\/25) - Parte II\" style=\"border-radius: 12px\" width=\"100%\" height=\"152\" frameborder=\"0\" allowfullscreen allow=\"autoplay; clipboard-write; encrypted-media; fullscreen; picture-in-picture\" loading=\"lazy\" src=\"https:\/\/open.spotify.com\/embed\/episode\/0qPyz4YBKhNTUFecO3y4UA?si=vPeHTvOGSBi9PDJVBqKIuA&#038;utm_source=oembed\"><\/iframe>\n<\/div><\/figure>\n","protected":false},"excerpt":{"rendered":"<div class=\"mh-excerpt\"><p>El programa del pasado s\u00e1bado comenz\u00f3 con un repaso a la actualidad y sobre todo a la actualidad cultural, porque hicimos un peque\u00f1o especial del Festival \u2018Les Nocturnes\u2019. \u00bfAlguna vez hab\u00e9is querido estar de noche <a class=\"mh-excerpt-more\" href=\"https:\/\/radioalma.eu\/bruselas\/2025\/03\/14\/un-programa-dedicado-al-gusto-culinario-al-arte-y-a-visitas-culturales-nocturnas\/\" title=\"Un programa dedicado al gusto culinario, al arte y a visitas culturales&#8230; \u00a1nocturnas!\">[&#8230;]<\/a><\/p>\n<\/div>","protected":false},"author":51,"featured_media":13191,"comment_status":"open","ping_status":"open","sticky":false,"template":"","format":"standard","meta":{"footnotes":""},"categories":[2700],"tags":[],"class_list":{"0":"post-13190","1":"post","2":"type-post","3":"status-publish","4":"format-standard","5":"has-post-thumbnail","7":"category-cultura"},"_links":{"self":[{"href":"https:\/\/radioalma.eu\/bruselas\/wp-json\/wp\/v2\/posts\/13190","targetHints":{"allow":["GET"]}}],"collection":[{"href":"https:\/\/radioalma.eu\/bruselas\/wp-json\/wp\/v2\/posts"}],"about":[{"href":"https:\/\/radioalma.eu\/bruselas\/wp-json\/wp\/v2\/types\/post"}],"author":[{"embeddable":true,"href":"https:\/\/radioalma.eu\/bruselas\/wp-json\/wp\/v2\/users\/51"}],"replies":[{"embeddable":true,"href":"https:\/\/radioalma.eu\/bruselas\/wp-json\/wp\/v2\/comments?post=13190"}],"version-history":[{"count":0,"href":"https:\/\/radioalma.eu\/bruselas\/wp-json\/wp\/v2\/posts\/13190\/revisions"}],"wp:featuredmedia":[{"embeddable":true,"href":"https:\/\/radioalma.eu\/bruselas\/wp-json\/wp\/v2\/media\/13191"}],"wp:attachment":[{"href":"https:\/\/radioalma.eu\/bruselas\/wp-json\/wp\/v2\/media?parent=13190"}],"wp:term":[{"taxonomy":"category","embeddable":true,"href":"https:\/\/radioalma.eu\/bruselas\/wp-json\/wp\/v2\/categories?post=13190"},{"taxonomy":"post_tag","embeddable":true,"href":"https:\/\/radioalma.eu\/bruselas\/wp-json\/wp\/v2\/tags?post=13190"}],"curies":[{"name":"wp","href":"https:\/\/api.w.org\/{rel}","templated":true}]}}