{"id":13198,"date":"2025-03-18T12:12:56","date_gmt":"2025-03-18T11:12:56","guid":{"rendered":"https:\/\/radioalma.eu\/bruselas\/?p=13198"},"modified":"2025-03-18T12:13:00","modified_gmt":"2025-03-18T11:13:00","slug":"que-dilema-tan-grande-txomin-lasa-nos-habla-del-sentido-del-gusto-y-las-teorias-que-lo-rodean","status":"publish","type":"post","link":"https:\/\/radioalma.eu\/bruselas\/2025\/03\/18\/que-dilema-tan-grande-txomin-lasa-nos-habla-del-sentido-del-gusto-y-las-teorias-que-lo-rodean\/","title":{"rendered":"&#8216;Qu\u00e9 dilema tan grande&#8217;: Txomin Lasa nos habla del sentido del gusto y las teor\u00edas que lo rodean"},"content":{"rendered":"\n<p>En un d\u00eda muy dedicado a la alimentaci\u00f3n, nos volvi\u00f3 a acompa\u00f1ar <strong>Txomin Lasa<\/strong> para traernos uno de sus famosos dilemas.<strong> \u00bfEs la comida y la cocina un arte? \u00bfQu\u00e9 se considera de &#8216;buen gusto&#8217; y por qu\u00e9? \u00bfEs el sentido del gusto secundario al de la vista o la audici\u00f3n?<\/strong><\/p>\n<p>En <strong>&#8216;Qu\u00e9 dilema tan grande&#8217;<\/strong> hablamos de la subjetividad relacionada con el gusto, <strong>el doble sentido de la palabra y la correlaci\u00f3n con el arte, la percepci\u00f3n<\/strong>&#8230; Muchas reflexiones y muchas teor\u00edas que Txomin nos plasm\u00f3 en la \u00faltima entrega de su secci\u00f3n.\u00a0<\/p>\n<p>\u00a0<\/p>\n\n\n\n<figure class=\"wp-block-embed is-type-rich is-provider-spotify wp-block-embed-spotify wp-embed-aspect-21-9 wp-has-aspect-ratio\"><div class=\"wp-block-embed__wrapper\">\n<iframe title=\"Spotify Embed: &amp;apos;Qu\u00e9 dilema tan grande&amp;apos;: \u00bfLa cocina es un arte?\" style=\"border-radius: 12px\" width=\"100%\" height=\"152\" frameborder=\"0\" allowfullscreen allow=\"autoplay; clipboard-write; encrypted-media; fullscreen; picture-in-picture\" loading=\"lazy\" src=\"https:\/\/open.spotify.com\/embed\/episode\/4dV6tSU8l2XuSdSiLl7lEf?si=4ImxUPtuRg6odkM2rjO08w&#038;utm_source=oembed\"><\/iframe>\n<\/div><\/figure>\n","protected":false},"excerpt":{"rendered":"<div class=\"mh-excerpt\"><p>En un d\u00eda muy dedicado a la alimentaci\u00f3n, nos volvi\u00f3 a acompa\u00f1ar Txomin Lasa para traernos uno de sus famosos dilemas. \u00bfEs la comida y la cocina un arte? \u00bfQu\u00e9 se considera de &#8216;buen gusto&#8217; <a class=\"mh-excerpt-more\" href=\"https:\/\/radioalma.eu\/bruselas\/2025\/03\/18\/que-dilema-tan-grande-txomin-lasa-nos-habla-del-sentido-del-gusto-y-las-teorias-que-lo-rodean\/\" title=\"&#8216;Qu\u00e9 dilema tan grande&#8217;: Txomin Lasa nos habla del sentido del gusto y las teor\u00edas que lo rodean\">[&#8230;]<\/a><\/p>\n<\/div>","protected":false},"author":51,"featured_media":13200,"comment_status":"open","ping_status":"open","sticky":false,"template":"","format":"standard","meta":{"footnotes":""},"categories":[2700,2704],"tags":[],"class_list":{"0":"post-13198","1":"post","2":"type-post","3":"status-publish","4":"format-standard","5":"has-post-thumbnail","7":"category-cultura","8":"category-social"},"_links":{"self":[{"href":"https:\/\/radioalma.eu\/bruselas\/wp-json\/wp\/v2\/posts\/13198","targetHints":{"allow":["GET"]}}],"collection":[{"href":"https:\/\/radioalma.eu\/bruselas\/wp-json\/wp\/v2\/posts"}],"about":[{"href":"https:\/\/radioalma.eu\/bruselas\/wp-json\/wp\/v2\/types\/post"}],"author":[{"embeddable":true,"href":"https:\/\/radioalma.eu\/bruselas\/wp-json\/wp\/v2\/users\/51"}],"replies":[{"embeddable":true,"href":"https:\/\/radioalma.eu\/bruselas\/wp-json\/wp\/v2\/comments?post=13198"}],"version-history":[{"count":0,"href":"https:\/\/radioalma.eu\/bruselas\/wp-json\/wp\/v2\/posts\/13198\/revisions"}],"wp:featuredmedia":[{"embeddable":true,"href":"https:\/\/radioalma.eu\/bruselas\/wp-json\/wp\/v2\/media\/13200"}],"wp:attachment":[{"href":"https:\/\/radioalma.eu\/bruselas\/wp-json\/wp\/v2\/media?parent=13198"}],"wp:term":[{"taxonomy":"category","embeddable":true,"href":"https:\/\/radioalma.eu\/bruselas\/wp-json\/wp\/v2\/categories?post=13198"},{"taxonomy":"post_tag","embeddable":true,"href":"https:\/\/radioalma.eu\/bruselas\/wp-json\/wp\/v2\/tags?post=13198"}],"curies":[{"name":"wp","href":"https:\/\/api.w.org\/{rel}","templated":true}]}}