{"id":13228,"date":"2025-03-21T12:14:35","date_gmt":"2025-03-21T11:14:35","guid":{"rendered":"https:\/\/radioalma.eu\/bruselas\/?p=13228"},"modified":"2025-03-24T10:24:47","modified_gmt":"2025-03-24T09:24:47","slug":"un-programa-entre-arboles-con-premio-cultura-musical-y-curiosidades-gastronomicas","status":"publish","type":"post","link":"https:\/\/radioalma.eu\/bruselas\/2025\/03\/21\/un-programa-entre-arboles-con-premio-cultura-musical-y-curiosidades-gastronomicas\/","title":{"rendered":"Un programa entre \u00e1rboles con premio, cultura musical y curiosidades gastron\u00f3micas"},"content":{"rendered":"\n\n\n<p><span style=\"font-weight: 400\">El s\u00e1bado pasado dimos la bienvenida a la primavera en el programa y lo hicimos por todo lo alto. H<\/span><span style=\"font-weight: 400\">ablamos<strong> de naturaleza: \u00a1nos centramos en los premios al \u00c1rbol Europeo del A\u00f1o!<\/strong> Pudimos asistir a la ceremonia, as\u00ed que contamos c\u00f3mo ha sido la experiencia, los ganadores y la<strong> representaci\u00f3n espa\u00f1ola: el pino de Juan Molinera.<\/strong>&nbsp;<\/span><\/p>\n<p><span style=\"font-weight: 400\">En este contexto, tuvimos entrevistas muy especiales. <strong>Contamos con la presencia del alcalde de Abengibre,<\/strong> de donde es el \u00e1rbol nominado, y con declaraciones de <strong>algunos de los presentes en la gala, como Lala Chus, colaboradora de La Revuelta, o Tonet Gonz\u00e1lez, el promotor del pino espa\u00f1ol.<\/strong><\/span><\/p>\n<p><span style=\"font-weight: 400\">Adem\u00e1s, para complementar este reportaje tan natural<strong>, tambi\u00e9n contamos con Susana Dom\u00ednguez, presidenta de Bosques sin Fronteras<\/strong>. Una entidad que, adem\u00e1s de velar por la naturaleza del pa\u00eds, tambi\u00e9n hace la selecci\u00f3n de \u00e1rboles y bosques del a\u00f1o. \u00a1Toda una aventura natural que os animamos a compartir con nosotros!<\/span><\/p>\n<p><span style=\"font-weight: 400\">Y cerramos la primera parte hablando de un postre muy especial de la gastronom\u00eda belga\u2026 En<strong> \u2018La ventana del pasado\u2019, Adriana Aparicio<\/strong> se asoma a conocer <strong>la historia del gofre belga en honor a la celebraci\u00f3n del D\u00eda Internacional del Gofre este 25 de marzo.<\/strong> \u00bfSois m\u00e1s del de Lieja o del de Bruselas?<\/span><\/p>\n\n\n\n<figure class=\"wp-block-embed is-type-rich is-provider-spotify wp-block-embed-spotify wp-embed-aspect-21-9 wp-has-aspect-ratio\"><div class=\"wp-block-embed__wrapper\">\n<iframe title=\"Spotify Embed: Bruselas con \u00d1 (22\/03\/25) - Parte I\" style=\"border-radius: 12px\" width=\"100%\" height=\"152\" frameborder=\"0\" allowfullscreen allow=\"autoplay; clipboard-write; encrypted-media; fullscreen; picture-in-picture\" loading=\"lazy\" src=\"https:\/\/open.spotify.com\/embed\/episode\/7xjqEyPbhcnFsgkl1rQVcM?si=4c6a4109333c4e36&#038;utm_source=oembed\"><\/iframe>\n<\/div><\/figure>\n\n\n\n<p><span style=\"font-weight: 400\">En la segunda parte, vuelve nuestra secci\u00f3n de ciencia: <strong>\u2018CEBE en las ondas\u2019.<\/strong> En esta nueva entrega, <strong>Jorge Barrasa<\/strong> nos sigue hablando de \u00e1rboles, pero en este caso de un nuevo estudio sobre <strong>la deforestaci\u00f3n<\/strong>. Tambi\u00e9n de un alimento que es muy probable que todos tengamos en nuestras casas: <strong>el huevo. \u00bfPodemos calcular c\u00f3mo es su cocci\u00f3n perfecta? \u00bfCu\u00e1nta ciencia puede haber en el \u00e1mbito de la cocina?\u00a0 <\/strong><\/span><\/p>\n<p><span style=\"font-weight: 400\">Despu\u00e9s, recibimos <strong>al cantante y guitarrista David S\u00e1nchez.<\/strong> Un cantautor que <strong>junto con Juan Torres<\/strong>, ha realizado un<strong> nuevo proyecto titulado \u2018Vestigios\u2019<\/strong>. Vino a la radio para hablarnos de todo el proceso, \u00a1Y tambi\u00e9n para inundarlo con m\u00fasica! Para los amantes del flamenco, podr\u00e1n disfrutar de <strong>su show el pr\u00f3ximo 29 de marzo en <a href=\"https:\/\/www.casaveronica.net\/\">Casa Ver\u00f3nica a las 19:30<\/a>,<\/strong> \u00a1Para marcar en el calendario!<\/span><\/p>\n<p><span style=\"font-weight: 400\">Y terminamos adentr\u00e1ndonos en<strong> \u2018La sala de cine\u2019<\/strong>, \u00a1con una canci\u00f3n de lo m\u00e1s particular! Una sinton\u00eda que nos introduce a lo que<strong> Ana Mart\u00ednez<\/strong> nos quer\u00eda presentar:<strong> los grandes estrenos de la semana. Hablamos de los remakes y <em>live action<\/em> de pel\u00edculas como Blancanieves o Peter Pan<\/strong> y lo hicimos con un aire nost\u00e1lgico\u2026 \u00bfOs gustar\u00eda volver a verlas en la gran pantalla?\u00a0<\/span><\/p>\n\n\n\n<figure class=\"wp-block-embed is-type-rich is-provider-spotify wp-block-embed-spotify wp-embed-aspect-21-9 wp-has-aspect-ratio\"><div class=\"wp-block-embed__wrapper\">\n<iframe title=\"Spotify Embed: Bruselas con \u00d1 (22\/03\/25) -Parte II\" style=\"border-radius: 12px\" width=\"100%\" height=\"152\" frameborder=\"0\" allowfullscreen allow=\"autoplay; clipboard-write; encrypted-media; fullscreen; picture-in-picture\" loading=\"lazy\" src=\"https:\/\/open.spotify.com\/embed\/episode\/55Vmph76gtjut7HUySllcn?si=9aee6812734445d7&#038;utm_source=oembed\"><\/iframe>\n<\/div><\/figure>\n","protected":false},"excerpt":{"rendered":"<div class=\"mh-excerpt\"><p>El s\u00e1bado pasado dimos la bienvenida a la primavera en el programa y lo hicimos por todo lo alto. Hablamos de naturaleza: \u00a1nos centramos en los premios al \u00c1rbol Europeo del A\u00f1o! Pudimos asistir a <a class=\"mh-excerpt-more\" href=\"https:\/\/radioalma.eu\/bruselas\/2025\/03\/21\/un-programa-entre-arboles-con-premio-cultura-musical-y-curiosidades-gastronomicas\/\" title=\"Un programa entre \u00e1rboles con premio, cultura musical y curiosidades gastron\u00f3micas\">[&#8230;]<\/a><\/p>\n<\/div>","protected":false},"author":51,"featured_media":13231,"comment_status":"open","ping_status":"open","sticky":false,"template":"","format":"standard","meta":{"footnotes":""},"categories":[2700,2697,29],"tags":[],"class_list":{"0":"post-13228","1":"post","2":"type-post","3":"status-publish","4":"format-standard","5":"has-post-thumbnail","7":"category-cultura","8":"category-europa","9":"category-protagonista-de-la-semana"},"_links":{"self":[{"href":"https:\/\/radioalma.eu\/bruselas\/wp-json\/wp\/v2\/posts\/13228","targetHints":{"allow":["GET"]}}],"collection":[{"href":"https:\/\/radioalma.eu\/bruselas\/wp-json\/wp\/v2\/posts"}],"about":[{"href":"https:\/\/radioalma.eu\/bruselas\/wp-json\/wp\/v2\/types\/post"}],"author":[{"embeddable":true,"href":"https:\/\/radioalma.eu\/bruselas\/wp-json\/wp\/v2\/users\/51"}],"replies":[{"embeddable":true,"href":"https:\/\/radioalma.eu\/bruselas\/wp-json\/wp\/v2\/comments?post=13228"}],"version-history":[{"count":0,"href":"https:\/\/radioalma.eu\/bruselas\/wp-json\/wp\/v2\/posts\/13228\/revisions"}],"wp:featuredmedia":[{"embeddable":true,"href":"https:\/\/radioalma.eu\/bruselas\/wp-json\/wp\/v2\/media\/13231"}],"wp:attachment":[{"href":"https:\/\/radioalma.eu\/bruselas\/wp-json\/wp\/v2\/media?parent=13228"}],"wp:term":[{"taxonomy":"category","embeddable":true,"href":"https:\/\/radioalma.eu\/bruselas\/wp-json\/wp\/v2\/categories?post=13228"},{"taxonomy":"post_tag","embeddable":true,"href":"https:\/\/radioalma.eu\/bruselas\/wp-json\/wp\/v2\/tags?post=13228"}],"curies":[{"name":"wp","href":"https:\/\/api.w.org\/{rel}","templated":true}]}}