{"id":13236,"date":"2025-03-24T10:53:07","date_gmt":"2025-03-24T09:53:07","guid":{"rendered":"https:\/\/radioalma.eu\/bruselas\/?p=13236"},"modified":"2025-03-24T10:53:34","modified_gmt":"2025-03-24T09:53:34","slug":"celebramos-los-premios-del-arbol-europeo-del-ano-2025-con-grandes-invitados","status":"publish","type":"post","link":"https:\/\/radioalma.eu\/bruselas\/2025\/03\/24\/celebramos-los-premios-del-arbol-europeo-del-ano-2025-con-grandes-invitados\/","title":{"rendered":"Celebramos los premios del \u00c1rbol Europeo del A\u00f1o 2025 con grandes invitados"},"content":{"rendered":"\n<p>El mi\u00e9rcoles pasado se celebr\u00f3 en el Parlamento Europeo un gran evento&#8230; y quisimos hacer una cobertura especial en nuestro programa. <strong>El equipo de Bruselas con \u00d1 nos adentramos en las instalaciones de la instituci\u00f3n para poder acudir a los premios del mejor \u00c1rbol Europeo del A\u00f1o,<\/strong> \u00a1y os pudimos contar todos los detalles!<\/p>\n<p>Una ceremonia que <span style=\"font-weight: 400\">no busca el \u00e1rbol m\u00e1s grande ni el m\u00e1s antiguo, sino el que tiene una historia \u00fanica y un fuerte v\u00ednculo con la comunidad que lo rodea. Y entre los nominados hab\u00eda un \u00e1rbol muy especial: <strong>\u00a1el Pino de Juan Molinera! <\/strong><\/span><\/p>\n<p><span style=\"font-weight: 400\">Un \u00e1rbol que guarda la historia y los recuerdos de m\u00e1s de una docena de generaciones de vecinos del <strong>municipio albacete\u00f1o de Abengibre y que se hizo viral gracias a la promoci\u00f3n que hizo la c\u00f3mica Lala Chus en el programa de &#8216;la Revuelta&#8217;<\/strong>. Tuvimos el placer de hablar con ella tras los resultados, en los que el Pino de Juan Molinera consigui\u00f3 una magn\u00edfica 3\u00aa posici\u00f3n.<\/span><\/p>\n\n\n\n<figure class=\"wp-block-embed is-type-rich is-provider-spotify wp-block-embed-spotify wp-embed-aspect-21-9 wp-has-aspect-ratio\"><div class=\"wp-block-embed__wrapper\">\n<iframe title=\"Spotify Embed: Entrevista: Lala Chus (Premios \u00c1rbol Europeo 2025)\" style=\"border-radius: 12px\" width=\"100%\" height=\"152\" frameborder=\"0\" allowfullscreen allow=\"autoplay; clipboard-write; encrypted-media; fullscreen; picture-in-picture\" loading=\"lazy\" src=\"https:\/\/open.spotify.com\/embed\/episode\/1R558EwyvHjXo0tNiLHdap?si=4fb867cb73e4458b&#038;utm_source=oembed\"><\/iframe>\n<\/div><\/figure>\n\n\n\n<p><span style=\"font-weight: 400\">Pero hizo falta algo m\u00e1s para llevar al \u00e1rbol espa\u00f1ol a una competici\u00f3n europea: <strong>Tonet Gonz\u00e1lez fue el promotor de este magn\u00edfico pino y nos cont\u00f3 c\u00f3mo empez\u00f3 este gran recorrido. <\/strong><\/span><\/p>\n\n\n\n<figure class=\"wp-block-embed is-type-rich is-provider-spotify wp-block-embed-spotify wp-embed-aspect-21-9 wp-has-aspect-ratio\"><div class=\"wp-block-embed__wrapper\">\n<iframe title=\"Spotify Embed: Entrevista: Tonet Gonz\u00e1lez (Premios \u00c1rbol Europeo 2025)\" style=\"border-radius: 12px\" width=\"100%\" height=\"152\" frameborder=\"0\" allowfullscreen allow=\"autoplay; clipboard-write; encrypted-media; fullscreen; picture-in-picture\" loading=\"lazy\" src=\"https:\/\/open.spotify.com\/embed\/episode\/3iafEGu38G9vgiOGLfEyem?si=6a06d46ed3e94e3d&#038;utm_source=oembed\"><\/iframe>\n<\/div><\/figure>\n\n\n\n<p><span style=\"font-weight: 400\">Tambi\u00e9n estuvimos en compa\u00f1\u00eda del alcalde de la localidad <b>Javier Garc\u00eda, que nos cont\u00f3 c\u00f3mo vivieron toda la experiencia.<\/b><\/span><\/p>\n\n\n\n<figure class=\"wp-block-embed is-type-rich is-provider-spotify wp-block-embed-spotify wp-embed-aspect-21-9 wp-has-aspect-ratio\"><div class=\"wp-block-embed__wrapper\">\n<iframe title=\"Spotify Embed: Entrevista: Javier Garc\u00eda (Alcalde de Abengibre)\" style=\"border-radius: 12px\" width=\"100%\" height=\"152\" frameborder=\"0\" allowfullscreen allow=\"autoplay; clipboard-write; encrypted-media; fullscreen; picture-in-picture\" loading=\"lazy\" src=\"https:\/\/open.spotify.com\/embed\/episode\/6QVNKWmIbNJEgCFyuYjMZ4?si=dd5e4662a8104736&#038;utm_source=oembed\"><\/iframe>\n<\/div><\/figure>\n\n\n\n<p>Y para darle un final redondo a toda la experiencia, quisimos profundizar en la importancia de los bosques y los \u00e1rboles en compa\u00f1\u00eda de <strong>Susana Dom\u00ednguez, presidenta de <\/strong><strong>Bosques Sin Fronteras.<\/strong><\/p>\n\n\n\n<figure class=\"wp-block-embed is-type-rich is-provider-spotify wp-block-embed-spotify wp-embed-aspect-21-9 wp-has-aspect-ratio\"><div class=\"wp-block-embed__wrapper\">\n<iframe title=\"Spotify Embed: Entrevista: Susana Dom\u00ednguez (Bosques sin fronteras)\" style=\"border-radius: 12px\" width=\"100%\" height=\"152\" frameborder=\"0\" allowfullscreen allow=\"autoplay; clipboard-write; encrypted-media; fullscreen; picture-in-picture\" loading=\"lazy\" src=\"https:\/\/open.spotify.com\/embed\/episode\/0UxGJcLP5HYKTKFXb9Pd0G?si=59b286ab5aaf4c98&#038;utm_source=oembed\"><\/iframe>\n<\/div><\/figure>\n\n\n\n\n","protected":false},"excerpt":{"rendered":"<div class=\"mh-excerpt\"><p>El mi\u00e9rcoles pasado se celebr\u00f3 en el Parlamento Europeo un gran evento&#8230; y quisimos hacer una cobertura especial en nuestro programa. El equipo de Bruselas con \u00d1 nos adentramos en las instalaciones de la instituci\u00f3n <a class=\"mh-excerpt-more\" href=\"https:\/\/radioalma.eu\/bruselas\/2025\/03\/24\/celebramos-los-premios-del-arbol-europeo-del-ano-2025-con-grandes-invitados\/\" title=\"Celebramos los premios del \u00c1rbol Europeo del A\u00f1o 2025 con grandes invitados\">[&#8230;]<\/a><\/p>\n<\/div>","protected":false},"author":51,"featured_media":13239,"comment_status":"open","ping_status":"open","sticky":false,"template":"","format":"standard","meta":{"footnotes":""},"categories":[2700,2697,29,2704],"tags":[],"class_list":{"0":"post-13236","1":"post","2":"type-post","3":"status-publish","4":"format-standard","5":"has-post-thumbnail","7":"category-cultura","8":"category-europa","9":"category-protagonista-de-la-semana","10":"category-social"},"_links":{"self":[{"href":"https:\/\/radioalma.eu\/bruselas\/wp-json\/wp\/v2\/posts\/13236","targetHints":{"allow":["GET"]}}],"collection":[{"href":"https:\/\/radioalma.eu\/bruselas\/wp-json\/wp\/v2\/posts"}],"about":[{"href":"https:\/\/radioalma.eu\/bruselas\/wp-json\/wp\/v2\/types\/post"}],"author":[{"embeddable":true,"href":"https:\/\/radioalma.eu\/bruselas\/wp-json\/wp\/v2\/users\/51"}],"replies":[{"embeddable":true,"href":"https:\/\/radioalma.eu\/bruselas\/wp-json\/wp\/v2\/comments?post=13236"}],"version-history":[{"count":0,"href":"https:\/\/radioalma.eu\/bruselas\/wp-json\/wp\/v2\/posts\/13236\/revisions"}],"wp:featuredmedia":[{"embeddable":true,"href":"https:\/\/radioalma.eu\/bruselas\/wp-json\/wp\/v2\/media\/13239"}],"wp:attachment":[{"href":"https:\/\/radioalma.eu\/bruselas\/wp-json\/wp\/v2\/media?parent=13236"}],"wp:term":[{"taxonomy":"category","embeddable":true,"href":"https:\/\/radioalma.eu\/bruselas\/wp-json\/wp\/v2\/categories?post=13236"},{"taxonomy":"post_tag","embeddable":true,"href":"https:\/\/radioalma.eu\/bruselas\/wp-json\/wp\/v2\/tags?post=13236"}],"curies":[{"name":"wp","href":"https:\/\/api.w.org\/{rel}","templated":true}]}}