{"id":13266,"date":"2025-03-24T14:13:10","date_gmt":"2025-03-24T13:13:10","guid":{"rendered":"https:\/\/radioalma.eu\/bruselas\/?p=13266"},"modified":"2025-03-24T14:13:15","modified_gmt":"2025-03-24T13:13:15","slug":"hablamos-de-remakes-de-disney-y-otros-estrenos-en-la-sala-de-cine-con-ana-martinez","status":"publish","type":"post","link":"https:\/\/radioalma.eu\/bruselas\/2025\/03\/24\/hablamos-de-remakes-de-disney-y-otros-estrenos-en-la-sala-de-cine-con-ana-martinez\/","title":{"rendered":"Hablamos de remakes de Disney y otros estrenos en la sala de cine con Ana Mart\u00ednez"},"content":{"rendered":"\n<p>Ana Mart\u00ednez vuelve con su secci\u00f3n semanal para repasar lo \u00faltimo de la cartelera belga, y lo hace al ritmo de una nueva sinton\u00eda.<\/p>\n\n\n\n<p>Esta semana, hablamos de los \u00faltimos remakes <em>live-action<\/em>: la \u00faltima pel\u00edcula de<strong> <em>Blancanieves<\/em>, <\/strong>envuelta en pol\u00e9micas como no pod\u00eda ser de otra forma, y <strong><em>Peter Pan&#8217;s Neverland Nightmare<\/em>, <\/strong>una versi\u00f3n de terror con nuestro personaje de Disney favorito. Tambi\u00e9n destacamos <strong><em>Vermiglio<\/em>, <\/strong>y la \u00faltima pel\u00edcula de Alonso Ruizpalacios,<strong> <em>La cocina<\/em>. <\/strong><\/p>\n\n\n\n<figure class=\"wp-block-embed is-type-rich is-provider-spotify wp-block-embed-spotify wp-embed-aspect-21-9 wp-has-aspect-ratio\"><div class=\"wp-block-embed__wrapper\">\n<iframe title=\"Spotify Embed: &amp;apos;La sala de cine&amp;apos; con Ana Mart\u00ednez: remakes de Disney y otros estrenos\" style=\"border-radius: 12px\" width=\"100%\" height=\"152\" frameborder=\"0\" allowfullscreen allow=\"autoplay; clipboard-write; encrypted-media; fullscreen; picture-in-picture\" loading=\"lazy\" src=\"https:\/\/open.spotify.com\/embed\/episode\/75Aa7fgNw0xXhT2pAiyRll?si=e425ad17a7e445db&#038;utm_source=oembed\"><\/iframe>\n<\/div><\/figure>\n\n\n","protected":false},"excerpt":{"rendered":"<div class=\"mh-excerpt\"><p>Ana Mart\u00ednez vuelve con su secci\u00f3n semanal para repasar lo \u00faltimo de la cartelera belga, y lo hace al ritmo de una nueva sinton\u00eda. Esta semana, hablamos de los \u00faltimos remakes live-action: la \u00faltima pel\u00edcula <a class=\"mh-excerpt-more\" href=\"https:\/\/radioalma.eu\/bruselas\/2025\/03\/24\/hablamos-de-remakes-de-disney-y-otros-estrenos-en-la-sala-de-cine-con-ana-martinez\/\" title=\"Hablamos de remakes de Disney y otros estrenos en la sala de cine con Ana Mart\u00ednez\">[&#8230;]<\/a><\/p>\n<\/div>","protected":false},"author":51,"featured_media":12945,"comment_status":"open","ping_status":"open","sticky":false,"template":"","format":"standard","meta":{"footnotes":""},"categories":[2700],"tags":[],"class_list":{"0":"post-13266","1":"post","2":"type-post","3":"status-publish","4":"format-standard","5":"has-post-thumbnail","7":"category-cultura"},"_links":{"self":[{"href":"https:\/\/radioalma.eu\/bruselas\/wp-json\/wp\/v2\/posts\/13266","targetHints":{"allow":["GET"]}}],"collection":[{"href":"https:\/\/radioalma.eu\/bruselas\/wp-json\/wp\/v2\/posts"}],"about":[{"href":"https:\/\/radioalma.eu\/bruselas\/wp-json\/wp\/v2\/types\/post"}],"author":[{"embeddable":true,"href":"https:\/\/radioalma.eu\/bruselas\/wp-json\/wp\/v2\/users\/51"}],"replies":[{"embeddable":true,"href":"https:\/\/radioalma.eu\/bruselas\/wp-json\/wp\/v2\/comments?post=13266"}],"version-history":[{"count":0,"href":"https:\/\/radioalma.eu\/bruselas\/wp-json\/wp\/v2\/posts\/13266\/revisions"}],"wp:featuredmedia":[{"embeddable":true,"href":"https:\/\/radioalma.eu\/bruselas\/wp-json\/wp\/v2\/media\/12945"}],"wp:attachment":[{"href":"https:\/\/radioalma.eu\/bruselas\/wp-json\/wp\/v2\/media?parent=13266"}],"wp:term":[{"taxonomy":"category","embeddable":true,"href":"https:\/\/radioalma.eu\/bruselas\/wp-json\/wp\/v2\/categories?post=13266"},{"taxonomy":"post_tag","embeddable":true,"href":"https:\/\/radioalma.eu\/bruselas\/wp-json\/wp\/v2\/tags?post=13266"}],"curies":[{"name":"wp","href":"https:\/\/api.w.org\/{rel}","templated":true}]}}