{"id":13282,"date":"2025-03-31T11:42:54","date_gmt":"2025-03-31T10:42:54","guid":{"rendered":"https:\/\/radioalma.eu\/bruselas\/?p=13282"},"modified":"2025-03-31T11:42:58","modified_gmt":"2025-03-31T10:42:58","slug":"el-cine-latinoamericano-llega-a-belgica-con-kinolatino-proyecciones-charlas-coproducciones-y-mucho-mas","status":"publish","type":"post","link":"https:\/\/radioalma.eu\/bruselas\/2025\/03\/31\/el-cine-latinoamericano-llega-a-belgica-con-kinolatino-proyecciones-charlas-coproducciones-y-mucho-mas\/","title":{"rendered":"El cine latinoamericano llega a B\u00e9lgica con &#8216;Kinolatino&#8217;: proyecciones, charlas,  coproducciones y mucho m\u00e1s"},"content":{"rendered":"\n<p><span style=\"font-weight: 400\"><strong>Mar\u00eda Hermosillo<\/strong>, <strong>una de las organizadoras de <a href=\"https:\/\/kinolatino.be\/\">Kinolatino<\/a>, <\/strong>ha vuelto a visitarnos para hablarnos de un evento que no solo celebra el cine, sino que tambi\u00e9n construye puentes entre culturas. El festival de cine latinoamericano de B\u00e9lgica exhibir\u00e1 <strong>una gran cantidad de largometrajes y cortometrajes con historias que desaf\u00edan estereotipos y muestran la realidad social, pol\u00edtica y cultural<\/strong> de muchos pa\u00edses latinos.\u00a0<\/span><\/p>\n<p><span style=\"font-weight: 400\">Kinolatino apuesta por defender valores como la diversidad, la inclusi\u00f3n y el di\u00e1logo intercultural. Es por esto que sirve tambi\u00e9n de punto de encuentro entre creadores, cin\u00e9filos y profesionales de la industria.\u00a0\u00a0\u00a0<\/span><\/p>\n<p><b>Del 11 al 19 de abril, Bruselas se convertir\u00e1 en el epicentro del s\u00e9ptimo arte <\/b>y Mar\u00eda Hermosillo, nos habla sobre lo que podemos esperar de esta nueva edici\u00f3n&#8230; \u00a1y de sus recomendaciones!<\/p>\n\n\n\n<figure class=\"wp-block-embed is-type-rich is-provider-spotify wp-block-embed-spotify wp-embed-aspect-21-9 wp-has-aspect-ratio\"><div class=\"wp-block-embed__wrapper\">\n<iframe title=\"Spotify Embed: Entrevista: Mar\u00eda Hermosillo (Kinolatino)\" style=\"border-radius: 12px\" width=\"100%\" height=\"152\" frameborder=\"0\" allowfullscreen allow=\"autoplay; clipboard-write; encrypted-media; fullscreen; picture-in-picture\" loading=\"lazy\" src=\"https:\/\/open.spotify.com\/embed\/episode\/16nIS8rPH9FY0GWXq2BHDy?si=4aa4820726b8465f&#038;utm_source=oembed\"><\/iframe>\n<\/div><\/figure>\n","protected":false},"excerpt":{"rendered":"<div class=\"mh-excerpt\"><p>Mar\u00eda Hermosillo, una de las organizadoras de Kinolatino, ha vuelto a visitarnos para hablarnos de un evento que no solo celebra el cine, sino que tambi\u00e9n construye puentes entre culturas. El festival de cine latinoamericano <a class=\"mh-excerpt-more\" href=\"https:\/\/radioalma.eu\/bruselas\/2025\/03\/31\/el-cine-latinoamericano-llega-a-belgica-con-kinolatino-proyecciones-charlas-coproducciones-y-mucho-mas\/\" title=\"El cine latinoamericano llega a B\u00e9lgica con &#8216;Kinolatino&#8217;: proyecciones, charlas,  coproducciones y mucho m\u00e1s\">[&#8230;]<\/a><\/p>\n<\/div>","protected":false},"author":51,"featured_media":13284,"comment_status":"open","ping_status":"open","sticky":false,"template":"","format":"standard","meta":{"footnotes":""},"categories":[2700,29,2704],"tags":[],"class_list":{"0":"post-13282","1":"post","2":"type-post","3":"status-publish","4":"format-standard","5":"has-post-thumbnail","7":"category-cultura","8":"category-protagonista-de-la-semana","9":"category-social"},"_links":{"self":[{"href":"https:\/\/radioalma.eu\/bruselas\/wp-json\/wp\/v2\/posts\/13282","targetHints":{"allow":["GET"]}}],"collection":[{"href":"https:\/\/radioalma.eu\/bruselas\/wp-json\/wp\/v2\/posts"}],"about":[{"href":"https:\/\/radioalma.eu\/bruselas\/wp-json\/wp\/v2\/types\/post"}],"author":[{"embeddable":true,"href":"https:\/\/radioalma.eu\/bruselas\/wp-json\/wp\/v2\/users\/51"}],"replies":[{"embeddable":true,"href":"https:\/\/radioalma.eu\/bruselas\/wp-json\/wp\/v2\/comments?post=13282"}],"version-history":[{"count":0,"href":"https:\/\/radioalma.eu\/bruselas\/wp-json\/wp\/v2\/posts\/13282\/revisions"}],"wp:featuredmedia":[{"embeddable":true,"href":"https:\/\/radioalma.eu\/bruselas\/wp-json\/wp\/v2\/media\/13284"}],"wp:attachment":[{"href":"https:\/\/radioalma.eu\/bruselas\/wp-json\/wp\/v2\/media?parent=13282"}],"wp:term":[{"taxonomy":"category","embeddable":true,"href":"https:\/\/radioalma.eu\/bruselas\/wp-json\/wp\/v2\/categories?post=13282"},{"taxonomy":"post_tag","embeddable":true,"href":"https:\/\/radioalma.eu\/bruselas\/wp-json\/wp\/v2\/tags?post=13282"}],"curies":[{"name":"wp","href":"https:\/\/api.w.org\/{rel}","templated":true}]}}