{"id":13344,"date":"2025-04-07T11:54:21","date_gmt":"2025-04-07T10:54:21","guid":{"rendered":"https:\/\/radioalma.eu\/bruselas\/?p=13344"},"modified":"2025-04-07T15:34:16","modified_gmt":"2025-04-07T14:34:16","slug":"la-magia-y-el-humor-se-unen-en-la-capital-con-adrian-lima-y-su-golpe-de-realidad","status":"publish","type":"post","link":"https:\/\/radioalma.eu\/bruselas\/2025\/04\/07\/la-magia-y-el-humor-se-unen-en-la-capital-con-adrian-lima-y-su-golpe-de-realidad\/","title":{"rendered":"La magia y el humor se unen en la capital con Adri\u00e1n Lima y su \u2018Golpe de realidad\u2019"},"content":{"rendered":"\n<p><span style=\"font-weight: 400\">En el \u00faltimo programa, nuestro estudio se convirti\u00f3 en todo un mundo de ilusiones y risas con la llegada de <\/span><b>Adri\u00e1n Lima, un joven mago que nos trae frescura y mucha diversi\u00f3n en su show \u2018Golpe de realidad\u2019<\/b><span style=\"font-weight: 400\">.\u00a0<\/span><\/p>\n<p><span style=\"font-weight: 400\">Adri\u00e1n lleva desde los 13 a\u00f1os haciendo magia con sus manos y ahora a los 23 ha alcanzado a miles de personas, <\/span><b>no solo por pisar diversos escenarios, sino tambi\u00e9n gracias a redes sociales como Tik Tok<\/b><span style=\"font-weight: 400\">. Innova en el formato para adaptarlo a las audiencias actuales y su \u2018Golpe de realidad\u2019 no deja a nadie indiferente.\u00a0<\/span><\/p>\n<p><b>El malague\u00f1o estar\u00e1 <a href=\"https:\/\/l.instagram.com\/?u=https%3A%2F%2Fwww.eventbrite.be%2Fe%2Fadrian-lima-en-bruselas-magia-y-humor-tickets-1296157966369%3Faff%3Doddtdtcreator%26fbclid%3DPAZXh0bgNhZW0CMTEAAacW7deokiuKhoR6Pt3iV6fmaLoAXxtMD99CcoZ2r7-2B6QDkYZMe0DFXETIIA_aem_IcJhrtO9h3V8rHhc1zxA5A&amp;e=AT1Rt7-WCUv0wrDYaJ15547SyJNUn1dtYetRIDQhFDXL0dydWvSD0uHarbqM9Q4ISGZf3AGWxCToiExfxTuSGLWoG_3tvgDwy4Ap6ug\">el pr\u00f3ximo 10 de abril en la L&#8217;Am\u00e8re \u00e0 Boire<\/a> con una doble funci\u00f3n: a las 19 y a las 21\u2026 \u00a1presentado por nuestro compa\u00f1ero de \u2018Es broma pero no es mentira\u2019 Luis Bellis!<\/b><span style=\"font-weight: 400\"> El s\u00e1bado nos cont\u00f3 parte de su historia y nos anim\u00f3 a <a href=\"_wp_link_placeholder\" data-wplink-edit=\"true\">acudir a su espect\u00e1culo<\/a>. \u00a1No os lo pod\u00e9is perder!<\/span><\/p>\n\n\n\n<figure class=\"wp-block-embed is-type-rich is-provider-spotify wp-block-embed-spotify wp-embed-aspect-21-9 wp-has-aspect-ratio\"><div class=\"wp-block-embed__wrapper\">\n<iframe title=\"Spotify Embed: Entrevista: Adri\u00e1n Lima (mago y humorista)\" style=\"border-radius: 12px\" width=\"100%\" height=\"152\" frameborder=\"0\" allowfullscreen allow=\"autoplay; clipboard-write; encrypted-media; fullscreen; picture-in-picture\" loading=\"lazy\" src=\"https:\/\/open.spotify.com\/embed\/episode\/2un2v0Ytd3Aad3XgcFxxj3?si=647a72893f3e4ec7&#038;utm_source=oembed\"><\/iframe>\n<\/div><\/figure>\n","protected":false},"excerpt":{"rendered":"<div class=\"mh-excerpt\"><p>En el \u00faltimo programa, nuestro estudio se convirti\u00f3 en todo un mundo de ilusiones y risas con la llegada de Adri\u00e1n Lima, un joven mago que nos trae frescura y mucha diversi\u00f3n en su show <a class=\"mh-excerpt-more\" href=\"https:\/\/radioalma.eu\/bruselas\/2025\/04\/07\/la-magia-y-el-humor-se-unen-en-la-capital-con-adrian-lima-y-su-golpe-de-realidad\/\" title=\"La magia y el humor se unen en la capital con Adri\u00e1n Lima y su \u2018Golpe de realidad\u2019\">[&#8230;]<\/a><\/p>\n<\/div>","protected":false},"author":51,"featured_media":13346,"comment_status":"open","ping_status":"open","sticky":false,"template":"","format":"standard","meta":{"footnotes":""},"categories":[26,2700,29],"tags":[],"class_list":{"0":"post-13344","1":"post","2":"type-post","3":"status-publish","4":"format-standard","5":"has-post-thumbnail","7":"category-agenda-cultural","8":"category-cultura","9":"category-protagonista-de-la-semana"},"_links":{"self":[{"href":"https:\/\/radioalma.eu\/bruselas\/wp-json\/wp\/v2\/posts\/13344","targetHints":{"allow":["GET"]}}],"collection":[{"href":"https:\/\/radioalma.eu\/bruselas\/wp-json\/wp\/v2\/posts"}],"about":[{"href":"https:\/\/radioalma.eu\/bruselas\/wp-json\/wp\/v2\/types\/post"}],"author":[{"embeddable":true,"href":"https:\/\/radioalma.eu\/bruselas\/wp-json\/wp\/v2\/users\/51"}],"replies":[{"embeddable":true,"href":"https:\/\/radioalma.eu\/bruselas\/wp-json\/wp\/v2\/comments?post=13344"}],"version-history":[{"count":0,"href":"https:\/\/radioalma.eu\/bruselas\/wp-json\/wp\/v2\/posts\/13344\/revisions"}],"wp:featuredmedia":[{"embeddable":true,"href":"https:\/\/radioalma.eu\/bruselas\/wp-json\/wp\/v2\/media\/13346"}],"wp:attachment":[{"href":"https:\/\/radioalma.eu\/bruselas\/wp-json\/wp\/v2\/media?parent=13344"}],"wp:term":[{"taxonomy":"category","embeddable":true,"href":"https:\/\/radioalma.eu\/bruselas\/wp-json\/wp\/v2\/categories?post=13344"},{"taxonomy":"post_tag","embeddable":true,"href":"https:\/\/radioalma.eu\/bruselas\/wp-json\/wp\/v2\/tags?post=13344"}],"curies":[{"name":"wp","href":"https:\/\/api.w.org\/{rel}","templated":true}]}}