{"id":13366,"date":"2025-04-07T12:58:08","date_gmt":"2025-04-07T11:58:08","guid":{"rendered":"https:\/\/radioalma.eu\/bruselas\/?p=13366"},"modified":"2025-04-07T16:01:06","modified_gmt":"2025-04-07T15:01:06","slug":"laia-boloix-nos-lleva-a-la-place-du-luxembourg-en-su-ultima-promenade","status":"publish","type":"post","link":"https:\/\/radioalma.eu\/bruselas\/2025\/04\/07\/laia-boloix-nos-lleva-a-la-place-du-luxembourg-en-su-ultima-promenade\/","title":{"rendered":"Laia Boloix nos lleva a la place du Luxembourg en su \u00faltima &#8216;promenade&#8217;"},"content":{"rendered":"\n<p class=\"\" data-start=\"63\" data-end=\"296\">Nuestra colaboradora <strong>Laia Boloix<\/strong> vuelve con una nueva entrega de su secci\u00f3n \u2018Les promenades de LB\u2019. Esta vez nos lleva hasta uno de los lugares m\u00e1s representativos \u2014y multifac\u00e9ticos\u2014 de la capital europea: la <strong data-start=\"272\" data-end=\"295\">Place du Luxembourg<\/strong>.<\/p>\n<p class=\"\" data-start=\"298\" data-end=\"502\">Centro neur\u00e1lgico del barrio europeo, esta plaza acoge cada martes un mercadillo de productos bio, se llena de j\u00f3venes los jueves por la tarde, y es, a diario, escenario del traj\u00edn pol\u00edtico de Europa. Laia nos descubre curiosidades sobre su historia, su evoluci\u00f3n urbana, su estilo arquitect\u00f3nico, y la estatua que la preside.<\/p>\n\n\n\n<figure class=\"wp-block-embed is-type-rich is-provider-spotify wp-block-embed-spotify wp-embed-aspect-21-9 wp-has-aspect-ratio\"><div class=\"wp-block-embed__wrapper\">\n<iframe title=\"Spotify Embed: Les promenades de LB: Plaza de Luxemburgo\" style=\"border-radius: 12px\" width=\"100%\" height=\"152\" frameborder=\"0\" allowfullscreen allow=\"autoplay; clipboard-write; encrypted-media; fullscreen; picture-in-picture\" loading=\"lazy\" src=\"https:\/\/open.spotify.com\/embed\/episode\/3BfXi7PI6D0XJAqCVB8zUu?si=be1701dd205b440d&#038;utm_source=oembed\"><\/iframe>\n<\/div><\/figure>\n","protected":false},"excerpt":{"rendered":"<div class=\"mh-excerpt\"><p>Nuestra colaboradora Laia Boloix vuelve con una nueva entrega de su secci\u00f3n \u2018Les promenades de LB\u2019. Esta vez nos lleva hasta uno de los lugares m\u00e1s representativos \u2014y multifac\u00e9ticos\u2014 de la capital europea: la Place <a class=\"mh-excerpt-more\" href=\"https:\/\/radioalma.eu\/bruselas\/2025\/04\/07\/laia-boloix-nos-lleva-a-la-place-du-luxembourg-en-su-ultima-promenade\/\" title=\"Laia Boloix nos lleva a la place du Luxembourg en su \u00faltima &#8216;promenade&#8217;\">[&#8230;]<\/a><\/p>\n<\/div>","protected":false},"author":51,"featured_media":13367,"comment_status":"open","ping_status":"open","sticky":false,"template":"","format":"standard","meta":{"footnotes":""},"categories":[1],"tags":[],"class_list":{"0":"post-13366","1":"post","2":"type-post","3":"status-publish","4":"format-standard","5":"has-post-thumbnail","7":"category-non-classe"},"_links":{"self":[{"href":"https:\/\/radioalma.eu\/bruselas\/wp-json\/wp\/v2\/posts\/13366","targetHints":{"allow":["GET"]}}],"collection":[{"href":"https:\/\/radioalma.eu\/bruselas\/wp-json\/wp\/v2\/posts"}],"about":[{"href":"https:\/\/radioalma.eu\/bruselas\/wp-json\/wp\/v2\/types\/post"}],"author":[{"embeddable":true,"href":"https:\/\/radioalma.eu\/bruselas\/wp-json\/wp\/v2\/users\/51"}],"replies":[{"embeddable":true,"href":"https:\/\/radioalma.eu\/bruselas\/wp-json\/wp\/v2\/comments?post=13366"}],"version-history":[{"count":0,"href":"https:\/\/radioalma.eu\/bruselas\/wp-json\/wp\/v2\/posts\/13366\/revisions"}],"wp:featuredmedia":[{"embeddable":true,"href":"https:\/\/radioalma.eu\/bruselas\/wp-json\/wp\/v2\/media\/13367"}],"wp:attachment":[{"href":"https:\/\/radioalma.eu\/bruselas\/wp-json\/wp\/v2\/media?parent=13366"}],"wp:term":[{"taxonomy":"category","embeddable":true,"href":"https:\/\/radioalma.eu\/bruselas\/wp-json\/wp\/v2\/categories?post=13366"},{"taxonomy":"post_tag","embeddable":true,"href":"https:\/\/radioalma.eu\/bruselas\/wp-json\/wp\/v2\/tags?post=13366"}],"curies":[{"name":"wp","href":"https:\/\/api.w.org\/{rel}","templated":true}]}}