{"id":13409,"date":"2025-04-14T10:47:05","date_gmt":"2025-04-14T09:47:05","guid":{"rendered":"https:\/\/radioalma.eu\/bruselas\/?p=13409"},"modified":"2025-04-14T11:20:40","modified_gmt":"2025-04-14T10:20:40","slug":"rearme-defensa-y-paz-hablamos-con-iago-lombardia-en-la-ue-al-dia-y-luis-quinoco-de-agir-pour-la-paix","status":"publish","type":"post","link":"https:\/\/radioalma.eu\/bruselas\/2025\/04\/14\/rearme-defensa-y-paz-hablamos-con-iago-lombardia-en-la-ue-al-dia-y-luis-quinoco-de-agir-pour-la-paix\/","title":{"rendered":"Rearme, defensa y paz: Hablamos con Iago Lombard\u00eda en &#8216;la UE al d\u00eda&#8217; y Luis Quinoco de &#8216;Agir pour la paix&#8217;"},"content":{"rendered":"\n<p>En el \u00faltimo programa quisimos profundizar en <strong>un tema que est\u00e1 marcando la agenda pol\u00edtica europea: el rearme, las nuevas estrategias de defensa y el papel de la UE en todo ello.<\/strong><\/p>\n<p>Para ayudarnos a entenderlo mejor, recibimos en el estudio a <strong>Iago Lombard\u00eda<\/strong> con su secci\u00f3n de <strong>&#8216;La UE al d\u00eda&#8217;<\/strong>. En ella, Iago nos<strong> explica la postura oficial de la Uni\u00f3n Europea ante este nuevo impulso militar<\/strong>. \u00bfEs una respuesta l\u00f3gica a los problemas actuales o es un paso preocupante hacia la militarizaci\u00f3n?<\/p>\n<p>Muchos discursos hablan de la seguridad y otros alertan de las consecuencias de un exceso de armamento. <strong>\u00bfRearmarse para protegernos ayuda o puede poner en m\u00e1s peligro a Europa?<\/strong> <\/p>\n\n\n\n<figure class=\"wp-block-embed is-type-rich is-provider-spotify wp-block-embed-spotify wp-embed-aspect-21-9 wp-has-aspect-ratio\"><div class=\"wp-block-embed__wrapper\">\n<iframe title=\"Spotify Embed: &amp;apos;La UE al d\u00eda&amp;apos;: las pol\u00edticas de defensa y rearme en Europa\" style=\"border-radius: 12px\" width=\"100%\" height=\"152\" frameborder=\"0\" allowfullscreen allow=\"autoplay; clipboard-write; encrypted-media; fullscreen; picture-in-picture\" loading=\"lazy\" src=\"https:\/\/open.spotify.com\/embed\/episode\/4vDysHT9AEE9VY5CFTaS14?si=28078f5f971d43d7&#038;utm_source=oembed\"><\/iframe>\n<\/div><\/figure>\n\n\n\n<p>Y en medio de esta creciente apuesta por la defensa y el rearme<strong>, hemos querido ver el otro lado, las otras miradas<\/strong>. Por eso, hablamos tambi\u00e9n con<strong> Luis Quinoco<\/strong>, miembro de la organizaci\u00f3n <strong>&#8216;<\/strong><em><a href=\"https:\/\/agirpourlapaix.be\/\"><strong>Agir pour la Paix<\/strong><\/a>&#8216;<\/em>. Luis nos ofrece una perspectiva que pone<strong> la diplomacia sobre la mesa y aboga por decir no al gasto en armamento.\u00a0<\/strong><\/p>\n<p>En la entrevista, analizamos las tensiones actuales y el riesgo de normalizar el rearme y la militarizaci\u00f3n de los pa\u00edses europeos.<strong> \u00bfEstamos tomando las decisiones por miedo a qu\u00e9 peligro? \u00bfQu\u00e9 alternativas se est\u00e1n planteando y que quiz\u00e1s no est\u00e1n siendo tan escuchadas?<\/strong><\/p>\n<p>Luis nos recuerda que<strong> la seguridad no tiene que incluir defensa armament\u00edstica<\/strong> y pide la cooperaci\u00f3n para llegar de mejores maneras a acuerdos y resultados duraderos.\u00a0<\/p>\n\n\n\n<figure class=\"wp-block-embed is-type-rich is-provider-spotify wp-block-embed-spotify wp-embed-aspect-21-9 wp-has-aspect-ratio\"><div class=\"wp-block-embed__wrapper\">\n<iframe title=\"Spotify Embed: Entrevista: Luis Quinoco (Agir pour la paix)\" style=\"border-radius: 12px\" width=\"100%\" height=\"152\" frameborder=\"0\" allowfullscreen allow=\"autoplay; clipboard-write; encrypted-media; fullscreen; picture-in-picture\" loading=\"lazy\" src=\"https:\/\/open.spotify.com\/embed\/episode\/3vxzqzfnU7aH2yA1E4gw6B?si=64749ddad9d94202&#038;utm_source=oembed\"><\/iframe>\n<\/div><\/figure>\n\n\n","protected":false},"excerpt":{"rendered":"<div class=\"mh-excerpt\"><p>En el \u00faltimo programa quisimos profundizar en un tema que est\u00e1 marcando la agenda pol\u00edtica europea: el rearme, las nuevas estrategias de defensa y el papel de la UE en todo ello. Para ayudarnos a <a class=\"mh-excerpt-more\" href=\"https:\/\/radioalma.eu\/bruselas\/2025\/04\/14\/rearme-defensa-y-paz-hablamos-con-iago-lombardia-en-la-ue-al-dia-y-luis-quinoco-de-agir-pour-la-paix\/\" title=\"Rearme, defensa y paz: Hablamos con Iago Lombard\u00eda en &#8216;la UE al d\u00eda&#8217; y Luis Quinoco de &#8216;Agir pour la paix&#8217;\">[&#8230;]<\/a><\/p>\n<\/div>","protected":false},"author":51,"featured_media":13415,"comment_status":"open","ping_status":"open","sticky":false,"template":"","format":"standard","meta":{"footnotes":""},"categories":[2697,2699,29,2704],"tags":[],"class_list":{"0":"post-13409","1":"post","2":"type-post","3":"status-publish","4":"format-standard","5":"has-post-thumbnail","7":"category-europa","8":"category-politica","9":"category-protagonista-de-la-semana","10":"category-social"},"_links":{"self":[{"href":"https:\/\/radioalma.eu\/bruselas\/wp-json\/wp\/v2\/posts\/13409","targetHints":{"allow":["GET"]}}],"collection":[{"href":"https:\/\/radioalma.eu\/bruselas\/wp-json\/wp\/v2\/posts"}],"about":[{"href":"https:\/\/radioalma.eu\/bruselas\/wp-json\/wp\/v2\/types\/post"}],"author":[{"embeddable":true,"href":"https:\/\/radioalma.eu\/bruselas\/wp-json\/wp\/v2\/users\/51"}],"replies":[{"embeddable":true,"href":"https:\/\/radioalma.eu\/bruselas\/wp-json\/wp\/v2\/comments?post=13409"}],"version-history":[{"count":0,"href":"https:\/\/radioalma.eu\/bruselas\/wp-json\/wp\/v2\/posts\/13409\/revisions"}],"wp:featuredmedia":[{"embeddable":true,"href":"https:\/\/radioalma.eu\/bruselas\/wp-json\/wp\/v2\/media\/13415"}],"wp:attachment":[{"href":"https:\/\/radioalma.eu\/bruselas\/wp-json\/wp\/v2\/media?parent=13409"}],"wp:term":[{"taxonomy":"category","embeddable":true,"href":"https:\/\/radioalma.eu\/bruselas\/wp-json\/wp\/v2\/categories?post=13409"},{"taxonomy":"post_tag","embeddable":true,"href":"https:\/\/radioalma.eu\/bruselas\/wp-json\/wp\/v2\/tags?post=13409"}],"curies":[{"name":"wp","href":"https:\/\/api.w.org\/{rel}","templated":true}]}}