{"id":13410,"date":"2025-04-14T10:49:54","date_gmt":"2025-04-14T09:49:54","guid":{"rendered":"https:\/\/radioalma.eu\/bruselas\/?p=13410"},"modified":"2025-04-14T12:12:23","modified_gmt":"2025-04-14T11:12:23","slug":"que-dilema-tan-grande-txomin-lasa-reflexiona-sobre-las-imagenes-de-guerra-y-su-impacto","status":"publish","type":"post","link":"https:\/\/radioalma.eu\/bruselas\/2025\/04\/14\/que-dilema-tan-grande-txomin-lasa-reflexiona-sobre-las-imagenes-de-guerra-y-su-impacto\/","title":{"rendered":"&#8216;Qu\u00e9 dilema tan grande&#8217;: Txomin Lasa reflexiona sobre las im\u00e1genes de guerra y su impacto"},"content":{"rendered":"\n<p><strong>\u00bfQu\u00e9 hacen en nosotros las im\u00e1genes de guerra? \u00bfNos movilizan o no nos afectan?<\/strong> En la secci\u00f3n de filosof\u00eda,<strong> &#8216;Qu\u00e9 dilema tan grande&#8217;, Txomin Lasa<\/strong> nos presenta ejemplos que nos pueden dar claves de c\u00f3mo reaccionamos y por qu\u00e9 lo hacemos as\u00ed ante fotograf\u00edas, v\u00eddeos y otros documentos audiovisuales sobre desastres.<\/p>\n<p>La violencia representada puede despertar la compasi\u00f3n o puede dejarnos paralizados. \u00bf<strong>C\u00f3mo gestionamos el sufrimiento ajeno cuando lo vemos a trav\u00e9s de una pantalla o de\u00a0 una obra de arte?<\/strong> \u00bfQu\u00e9 responsabilidad tenemos o sentimos?\u00a0<\/p>\n<p>En un <strong>mundo saturado de im\u00e1genes, es dif\u00edcil darnos cuenta de si estamos poniendo una barrera entre la realidad y lo que vemos<\/strong>. Nos cuestionamos estas y muchas m\u00e1s cosas en esta nueva entrega filos\u00f3fica.<\/p>\n\n\n\n<figure class=\"wp-block-embed is-type-rich is-provider-spotify wp-block-embed-spotify wp-embed-aspect-21-9 wp-has-aspect-ratio\"><div class=\"wp-block-embed__wrapper\">\n<iframe title=\"Spotify Embed: &amp;apos;Qu\u00e9 dilema tan grande&amp;apos;: las im\u00e1genes de guerra y su impacto\" style=\"border-radius: 12px\" width=\"100%\" height=\"152\" frameborder=\"0\" allowfullscreen allow=\"autoplay; clipboard-write; encrypted-media; fullscreen; picture-in-picture\" loading=\"lazy\" src=\"https:\/\/open.spotify.com\/embed\/episode\/2l224f8JZP38JeWoWllYXr?si=cf1a023670e24cdf&#038;utm_source=oembed\"><\/iframe>\n<\/div><\/figure>\n\n\n","protected":false},"excerpt":{"rendered":"<div class=\"mh-excerpt\"><p>\u00bfQu\u00e9 hacen en nosotros las im\u00e1genes de guerra? \u00bfNos movilizan o no nos afectan? En la secci\u00f3n de filosof\u00eda, &#8216;Qu\u00e9 dilema tan grande&#8217;, Txomin Lasa nos presenta ejemplos que nos pueden dar claves de c\u00f3mo <a class=\"mh-excerpt-more\" href=\"https:\/\/radioalma.eu\/bruselas\/2025\/04\/14\/que-dilema-tan-grande-txomin-lasa-reflexiona-sobre-las-imagenes-de-guerra-y-su-impacto\/\" title=\"&#8216;Qu\u00e9 dilema tan grande&#8217;: Txomin Lasa reflexiona sobre las im\u00e1genes de guerra y su impacto\">[&#8230;]<\/a><\/p>\n<\/div>","protected":false},"author":51,"featured_media":13417,"comment_status":"open","ping_status":"open","sticky":false,"template":"","format":"standard","meta":{"footnotes":""},"categories":[2700],"tags":[],"class_list":{"0":"post-13410","1":"post","2":"type-post","3":"status-publish","4":"format-standard","5":"has-post-thumbnail","7":"category-cultura"},"_links":{"self":[{"href":"https:\/\/radioalma.eu\/bruselas\/wp-json\/wp\/v2\/posts\/13410","targetHints":{"allow":["GET"]}}],"collection":[{"href":"https:\/\/radioalma.eu\/bruselas\/wp-json\/wp\/v2\/posts"}],"about":[{"href":"https:\/\/radioalma.eu\/bruselas\/wp-json\/wp\/v2\/types\/post"}],"author":[{"embeddable":true,"href":"https:\/\/radioalma.eu\/bruselas\/wp-json\/wp\/v2\/users\/51"}],"replies":[{"embeddable":true,"href":"https:\/\/radioalma.eu\/bruselas\/wp-json\/wp\/v2\/comments?post=13410"}],"version-history":[{"count":0,"href":"https:\/\/radioalma.eu\/bruselas\/wp-json\/wp\/v2\/posts\/13410\/revisions"}],"wp:featuredmedia":[{"embeddable":true,"href":"https:\/\/radioalma.eu\/bruselas\/wp-json\/wp\/v2\/media\/13417"}],"wp:attachment":[{"href":"https:\/\/radioalma.eu\/bruselas\/wp-json\/wp\/v2\/media?parent=13410"}],"wp:term":[{"taxonomy":"category","embeddable":true,"href":"https:\/\/radioalma.eu\/bruselas\/wp-json\/wp\/v2\/categories?post=13410"},{"taxonomy":"post_tag","embeddable":true,"href":"https:\/\/radioalma.eu\/bruselas\/wp-json\/wp\/v2\/tags?post=13410"}],"curies":[{"name":"wp","href":"https:\/\/api.w.org\/{rel}","templated":true}]}}