{"id":13519,"date":"2025-04-28T12:49:06","date_gmt":"2025-04-28T11:49:06","guid":{"rendered":"https:\/\/radioalma.eu\/bruselas\/?p=13519"},"modified":"2025-04-29T13:15:45","modified_gmt":"2025-04-29T12:15:45","slug":"ana-martinez-nos-trae-los-estrenos-de-cine-en-belgica","status":"publish","type":"post","link":"https:\/\/radioalma.eu\/bruselas\/2025\/04\/28\/ana-martinez-nos-trae-los-estrenos-de-cine-en-belgica\/","title":{"rendered":"Ana Mart\u00ednez nos trae los estrenos de cine en B\u00e9lgica"},"content":{"rendered":"\n<p>Como cada semana, <strong>Ana Mart\u00ednez<\/strong> nos invita a apagar las luces, preparar las palomitas y sumergirnos en su \u00absala de cine\u00bb. En esta ocasi\u00f3n, repasamos las \u00faltimas novedades de la cartelera belga, donde destacan pel\u00edculas como el nuevo thriller de Ben Affleck, <strong><em data-start=\"2088\" data-end=\"2103\">El Contable 2,<\/em><\/strong> t\u00edtulos como\u00a0<strong><em data-start=\"2016\" data-end=\"2028\">Until Dawn<\/em> y <em data-start=\"2030\" data-end=\"2041\">Drop Game<\/em><\/strong> para los amantes del terror, y la comedia francesa <strong><em>Le M\u00e9lange des genres. <\/em><\/strong><span style=\"color: initial;font-size: revert\">\u00a1No os perd\u00e1is el programa!<\/span><\/p>\n\n\n\n<figure class=\"wp-block-embed is-type-rich is-provider-spotify wp-block-embed-spotify wp-embed-aspect-21-9 wp-has-aspect-ratio\"><div class=\"wp-block-embed__wrapper\">\n<iframe title=\"Spotify Embed: &amp;apos;La sala de cine&amp;apos; con Ana Mart\u00ednez: estrenos de cartelera\" style=\"border-radius: 12px\" width=\"100%\" height=\"152\" frameborder=\"0\" allowfullscreen allow=\"autoplay; clipboard-write; encrypted-media; fullscreen; picture-in-picture\" loading=\"lazy\" src=\"https:\/\/open.spotify.com\/embed\/episode\/0XfihP3es1JBU5R9Xh6jct?si=6fc3a427b47a4d77&#038;utm_source=oembed\"><\/iframe>\n<\/div><\/figure>\n","protected":false},"excerpt":{"rendered":"<div class=\"mh-excerpt\"><p>Como cada semana, Ana Mart\u00ednez nos invita a apagar las luces, preparar las palomitas y sumergirnos en su \u00absala de cine\u00bb. En esta ocasi\u00f3n, repasamos las \u00faltimas novedades de la cartelera belga, donde destacan pel\u00edculas <a class=\"mh-excerpt-more\" href=\"https:\/\/radioalma.eu\/bruselas\/2025\/04\/28\/ana-martinez-nos-trae-los-estrenos-de-cine-en-belgica\/\" title=\"Ana Mart\u00ednez nos trae los estrenos de cine en B\u00e9lgica\">[&#8230;]<\/a><\/p>\n<\/div>","protected":false},"author":51,"featured_media":13158,"comment_status":"open","ping_status":"open","sticky":false,"template":"","format":"standard","meta":{"footnotes":""},"categories":[2700],"tags":[],"class_list":{"0":"post-13519","1":"post","2":"type-post","3":"status-publish","4":"format-standard","5":"has-post-thumbnail","7":"category-cultura"},"_links":{"self":[{"href":"https:\/\/radioalma.eu\/bruselas\/wp-json\/wp\/v2\/posts\/13519","targetHints":{"allow":["GET"]}}],"collection":[{"href":"https:\/\/radioalma.eu\/bruselas\/wp-json\/wp\/v2\/posts"}],"about":[{"href":"https:\/\/radioalma.eu\/bruselas\/wp-json\/wp\/v2\/types\/post"}],"author":[{"embeddable":true,"href":"https:\/\/radioalma.eu\/bruselas\/wp-json\/wp\/v2\/users\/51"}],"replies":[{"embeddable":true,"href":"https:\/\/radioalma.eu\/bruselas\/wp-json\/wp\/v2\/comments?post=13519"}],"version-history":[{"count":0,"href":"https:\/\/radioalma.eu\/bruselas\/wp-json\/wp\/v2\/posts\/13519\/revisions"}],"wp:featuredmedia":[{"embeddable":true,"href":"https:\/\/radioalma.eu\/bruselas\/wp-json\/wp\/v2\/media\/13158"}],"wp:attachment":[{"href":"https:\/\/radioalma.eu\/bruselas\/wp-json\/wp\/v2\/media?parent=13519"}],"wp:term":[{"taxonomy":"category","embeddable":true,"href":"https:\/\/radioalma.eu\/bruselas\/wp-json\/wp\/v2\/categories?post=13519"},{"taxonomy":"post_tag","embeddable":true,"href":"https:\/\/radioalma.eu\/bruselas\/wp-json\/wp\/v2\/tags?post=13519"}],"curies":[{"name":"wp","href":"https:\/\/api.w.org\/{rel}","templated":true}]}}