{"id":13568,"date":"2025-05-02T12:28:31","date_gmt":"2025-05-02T11:28:31","guid":{"rendered":"https:\/\/radioalma.eu\/bruselas\/?p=13568"},"modified":"2025-05-05T11:45:38","modified_gmt":"2025-05-05T10:45:38","slug":"llega-el-primer-programa-de-mayo-a-ritmo-de-jazz-mucha-cultura-y-causas-sociales","status":"publish","type":"post","link":"https:\/\/radioalma.eu\/bruselas\/2025\/05\/02\/llega-el-primer-programa-de-mayo-a-ritmo-de-jazz-mucha-cultura-y-causas-sociales\/","title":{"rendered":"Llega el primer programa de mayo a ritmo de jazz, mucha cultura y causas sociales"},"content":{"rendered":"\n<p><span style=\"font-weight: 400\">Primera semana de mayo y una nueva semana con &#8216;Bruselas con \u00d1&#8217;. Arrancamos, como es habitual, con el repaso a las<\/span><b> noticias m\u00e1s destacadas<\/b><span style=\"font-weight: 400\"> de la semana y, despu\u00e9s, salimos del estudio.<\/span><\/p>\n<p><span style=\"font-weight: 400\">Nos fuimos hasta el Grand Hospice para hablar con <\/span><b>Mireia Crespo<\/b><span style=\"font-weight: 400\">, directora de la<\/span><b> entidad <a href=\"https:\/\/www.isalaasbl.be\/\">Isala<\/a><\/b><span style=\"font-weight: 400\">, una organizaci\u00f3n ayuda a las <\/span><b>personas prostituidas.<\/b><span style=\"font-weight: 400\"> Mireia nos cuenta <\/span><b>todos los detalles de la ley que se aprob\u00f3 el pasado mes<\/b><span style=\"font-weight: 400\"> de diciembre. El texto reconoce el derecho de las personas que se dedican a la actividad sexual a tener un contrato y ciertos derechos. <\/span><b>\u00bfEs as\u00ed tambi\u00e9n en la pr\u00e1ctica?<\/b><\/p>\n<p><span style=\"font-weight: 400\">No dejamos de lado la actualidad pero cambiaremos lo social por lo cultural. El mi\u00e9rcoles 30 de abril celebramos el <\/span><b>D\u00eda Internacional de Jazz <\/b><span style=\"font-weight: 400\">y esto le ha servido de pretexto a <\/span><b>Adriana Aparicio<\/b><span style=\"font-weight: 400\"> para asomarse a su <\/span><b>\u2018Ventana del pasado\u2019. <\/b>Adem\u00e1s, repasamos los grandes nombres belgas que han marcado a este g\u00e9nero,<b> desde el creador del saxof\u00f3n a un gran compositor \u00a1que puso m\u00fasica a Barrio S\u00e9samo!<\/b><b>\u00a0<\/b><\/p>\n\n\n\n<figure class=\"wp-block-embed is-type-rich is-provider-spotify wp-block-embed-spotify wp-embed-aspect-21-9 wp-has-aspect-ratio\"><div class=\"wp-block-embed__wrapper\">\n<iframe title=\"Spotify Embed: Bruselas con \u00d1 (03\/05\/25) - Parte I\" style=\"border-radius: 12px\" width=\"100%\" height=\"152\" frameborder=\"0\" allowfullscreen allow=\"autoplay; clipboard-write; encrypted-media; fullscreen; picture-in-picture\" loading=\"lazy\" src=\"https:\/\/open.spotify.com\/embed\/episode\/3yr9VjdKlz2Mgo0iaDe9NU?si=951fc537d59a4dd8&#038;utm_source=oembed\"><\/iframe>\n<\/div><\/figure>\n\n\n\n<p><span style=\"font-weight: 400\">En la segunda parte, entramos en el laboratorio de <\/span><b>\u2018<a href=\"https:\/\/cebebelgica.es\/es_ES\/\">CEBE<\/a> en las ondas\u2019<\/b><span style=\"font-weight: 400\"> para hablar de<\/span><b> la investigaci\u00f3n en enfermedades raras con Cecilia Iglesias<\/b><span style=\"font-weight: 400\">, una cient\u00edfica que se dedica a ello en B\u00e9lgica. Nos acerca al mundo de las enfermedades raras, entendiendo c\u00f3mo se clasifican, la financiaci\u00f3n, qui\u00e9n colabora o ayuda para causas como est\u00e1s y qu\u00e9 le llev\u00f3 a ella a dedicar su vida a ello.\u00a0<\/span><\/p>\n<p><span style=\"font-weight: 400\">Despu\u00e9s, vuelve nuestra querida <\/span><b>Lidia Pe\u00f1a<\/b><span style=\"font-weight: 400\"> para llenar de humor el estudio. En su secci\u00f3n <\/span><b>\u2018Es broma pero no es mentira\u2019,<\/b><span style=\"font-weight: 400\"> Lidia nos habla con humor de algo no tan gracioso: de estar mal. <\/span><b>\u00a1Porque el humor puede ser tragedia tambi\u00e9n!<\/b><span style=\"font-weight: 400\"> Y viene con un <\/span><b>look diferente que podr\u00eda asemejarse a una <em>ravera<\/em><\/b><span style=\"font-weight: 400\"> para animarnos la semana. \u00a1No os lo pod\u00e9is perder!<\/span><\/p>\n<p><span style=\"font-weight: 400\">Y para finalizar, como siempre, vuelve <\/span><b>\u2018La sala de cine&#8217;.<\/b> E<span style=\"font-weight: 400\">sta vez sin Ana Mart\u00ednez, pero con grandes obras audiovisuales. <\/span><b>El equipo de Bruselas con \u00d1<\/b><span style=\"font-weight: 400\"> comentamos grandes nombres de series y pel\u00edculas que han marcado nuestras \u00faltimas semanas <\/span><b>con muchas recomendaciones para todo tipo de p\u00fablicos.<\/b><\/p>\n\n\n\n<figure class=\"wp-block-embed is-type-rich is-provider-spotify wp-block-embed-spotify wp-embed-aspect-21-9 wp-has-aspect-ratio\"><div class=\"wp-block-embed__wrapper\">\n<iframe title=\"Spotify Embed: Bruselas con \u00d1 (03\/05\/25) - Parte II\" style=\"border-radius: 12px\" width=\"100%\" height=\"152\" frameborder=\"0\" allowfullscreen allow=\"autoplay; clipboard-write; encrypted-media; fullscreen; picture-in-picture\" loading=\"lazy\" src=\"https:\/\/open.spotify.com\/embed\/episode\/0Ok6dLSJIOpnr2pvZZaKrG?si=b9812a16fbb54b94&#038;utm_source=oembed\"><\/iframe>\n<\/div><\/figure>\n","protected":false},"excerpt":{"rendered":"<div class=\"mh-excerpt\"><p>Primera semana de mayo y una nueva semana con &#8216;Bruselas con \u00d1&#8217;. Arrancamos, como es habitual, con el repaso a las noticias m\u00e1s destacadas de la semana y, despu\u00e9s, salimos del estudio. Nos fuimos hasta <a class=\"mh-excerpt-more\" href=\"https:\/\/radioalma.eu\/bruselas\/2025\/05\/02\/llega-el-primer-programa-de-mayo-a-ritmo-de-jazz-mucha-cultura-y-causas-sociales\/\" title=\"Llega el primer programa de mayo a ritmo de jazz, mucha cultura y causas sociales\">[&#8230;]<\/a><\/p>\n<\/div>","protected":false},"author":51,"featured_media":13575,"comment_status":"open","ping_status":"open","sticky":false,"template":"","format":"standard","meta":{"footnotes":""},"categories":[26,2700,29,2704],"tags":[],"class_list":{"0":"post-13568","1":"post","2":"type-post","3":"status-publish","4":"format-standard","5":"has-post-thumbnail","7":"category-agenda-cultural","8":"category-cultura","9":"category-protagonista-de-la-semana","10":"category-social"},"_links":{"self":[{"href":"https:\/\/radioalma.eu\/bruselas\/wp-json\/wp\/v2\/posts\/13568","targetHints":{"allow":["GET"]}}],"collection":[{"href":"https:\/\/radioalma.eu\/bruselas\/wp-json\/wp\/v2\/posts"}],"about":[{"href":"https:\/\/radioalma.eu\/bruselas\/wp-json\/wp\/v2\/types\/post"}],"author":[{"embeddable":true,"href":"https:\/\/radioalma.eu\/bruselas\/wp-json\/wp\/v2\/users\/51"}],"replies":[{"embeddable":true,"href":"https:\/\/radioalma.eu\/bruselas\/wp-json\/wp\/v2\/comments?post=13568"}],"version-history":[{"count":0,"href":"https:\/\/radioalma.eu\/bruselas\/wp-json\/wp\/v2\/posts\/13568\/revisions"}],"wp:featuredmedia":[{"embeddable":true,"href":"https:\/\/radioalma.eu\/bruselas\/wp-json\/wp\/v2\/media\/13575"}],"wp:attachment":[{"href":"https:\/\/radioalma.eu\/bruselas\/wp-json\/wp\/v2\/media?parent=13568"}],"wp:term":[{"taxonomy":"category","embeddable":true,"href":"https:\/\/radioalma.eu\/bruselas\/wp-json\/wp\/v2\/categories?post=13568"},{"taxonomy":"post_tag","embeddable":true,"href":"https:\/\/radioalma.eu\/bruselas\/wp-json\/wp\/v2\/tags?post=13568"}],"curies":[{"name":"wp","href":"https:\/\/api.w.org\/{rel}","templated":true}]}}