{"id":13585,"date":"2025-05-05T11:39:59","date_gmt":"2025-05-05T10:39:59","guid":{"rendered":"https:\/\/radioalma.eu\/bruselas\/?p=13585"},"modified":"2025-05-05T11:40:04","modified_gmt":"2025-05-05T10:40:04","slug":"cecilia-iglesias-nos-habla-sobre-los-retos-cientificos-de-investigar-enfermedades-raras","status":"publish","type":"post","link":"https:\/\/radioalma.eu\/bruselas\/2025\/05\/05\/cecilia-iglesias-nos-habla-sobre-los-retos-cientificos-de-investigar-enfermedades-raras\/","title":{"rendered":"Cecilia Iglesias nos habla sobre los retos cient\u00edficos de investigar enfermedades raras"},"content":{"rendered":"\n<p>Volvemos a abrir las puertas del laboratorio en nuestra secci\u00f3n de ciencia &#8216;CEBE en las ondas&#8217;. En esta ocasi\u00f3n, charlamos con <strong>Cecilia Iglesias, investigadora en la Universidad KU Leuven, especializada en el estudio de enfermedades raras<\/strong>.<\/p>\n\n\n\n<p>Hablamos de un campo complejo y poco visibilizado: \u00bfqu\u00e9 se considera una enfermedad rara?, \u00bfc\u00f3mo se investiga?, \u00bfqui\u00e9n financia estos estudios?, \u00bfqu\u00e9 papel juegan las instituciones y la sociedad? Cecilia nos comparte tambi\u00e9n su propia motivaci\u00f3n para dedicarse a esta \u00e1rea y los desaf\u00edos que enfrentan quienes trabajan para dar respuestas donde muchas veces no las hay.<\/p>\n\n\n\n<figure class=\"wp-block-embed is-type-rich is-provider-spotify wp-block-embed-spotify wp-embed-aspect-21-9 wp-has-aspect-ratio\"><div class=\"wp-block-embed__wrapper\">\n<iframe title=\"Spotify Embed: &amp;apos;CEBE en las ondas&amp;apos; con Cecilia Iglesias: Enfermedades raras\" style=\"border-radius: 12px\" width=\"100%\" height=\"152\" frameborder=\"0\" allowfullscreen allow=\"autoplay; clipboard-write; encrypted-media; fullscreen; picture-in-picture\" loading=\"lazy\" src=\"https:\/\/open.spotify.com\/embed\/episode\/018SC9eGV8HoZ4cupopOe8?si=m7_P-mFSQ7iAePR0iLGMSw&#038;utm_source=oembed\"><\/iframe>\n<\/div><\/figure>\n","protected":false},"excerpt":{"rendered":"<div class=\"mh-excerpt\"><p>Volvemos a abrir las puertas del laboratorio en nuestra secci\u00f3n de ciencia &#8216;CEBE en las ondas&#8217;. En esta ocasi\u00f3n, charlamos con Cecilia Iglesias, investigadora en la Universidad KU Leuven, especializada en el estudio de enfermedades <a class=\"mh-excerpt-more\" href=\"https:\/\/radioalma.eu\/bruselas\/2025\/05\/05\/cecilia-iglesias-nos-habla-sobre-los-retos-cientificos-de-investigar-enfermedades-raras\/\" title=\"Cecilia Iglesias nos habla sobre los retos cient\u00edficos de investigar enfermedades raras\">[&#8230;]<\/a><\/p>\n<\/div>","protected":false},"author":51,"featured_media":13587,"comment_status":"open","ping_status":"open","sticky":false,"template":"","format":"standard","meta":{"footnotes":""},"categories":[2698],"tags":[],"class_list":{"0":"post-13585","1":"post","2":"type-post","3":"status-publish","4":"format-standard","5":"has-post-thumbnail","7":"category-ciencia"},"_links":{"self":[{"href":"https:\/\/radioalma.eu\/bruselas\/wp-json\/wp\/v2\/posts\/13585","targetHints":{"allow":["GET"]}}],"collection":[{"href":"https:\/\/radioalma.eu\/bruselas\/wp-json\/wp\/v2\/posts"}],"about":[{"href":"https:\/\/radioalma.eu\/bruselas\/wp-json\/wp\/v2\/types\/post"}],"author":[{"embeddable":true,"href":"https:\/\/radioalma.eu\/bruselas\/wp-json\/wp\/v2\/users\/51"}],"replies":[{"embeddable":true,"href":"https:\/\/radioalma.eu\/bruselas\/wp-json\/wp\/v2\/comments?post=13585"}],"version-history":[{"count":0,"href":"https:\/\/radioalma.eu\/bruselas\/wp-json\/wp\/v2\/posts\/13585\/revisions"}],"wp:featuredmedia":[{"embeddable":true,"href":"https:\/\/radioalma.eu\/bruselas\/wp-json\/wp\/v2\/media\/13587"}],"wp:attachment":[{"href":"https:\/\/radioalma.eu\/bruselas\/wp-json\/wp\/v2\/media?parent=13585"}],"wp:term":[{"taxonomy":"category","embeddable":true,"href":"https:\/\/radioalma.eu\/bruselas\/wp-json\/wp\/v2\/categories?post=13585"},{"taxonomy":"post_tag","embeddable":true,"href":"https:\/\/radioalma.eu\/bruselas\/wp-json\/wp\/v2\/tags?post=13585"}],"curies":[{"name":"wp","href":"https:\/\/api.w.org\/{rel}","templated":true}]}}