{"id":13620,"date":"2025-05-12T11:53:39","date_gmt":"2025-05-12T10:53:39","guid":{"rendered":"https:\/\/radioalma.eu\/bruselas\/?p=13620"},"modified":"2025-05-12T14:13:06","modified_gmt":"2025-05-12T13:13:06","slug":"la-ue-al-dia-iago-lombardia-nos-trae-las-ultimas-novedades-de-tiktok-el-dia-de-europa-y-el-pride","status":"publish","type":"post","link":"https:\/\/radioalma.eu\/bruselas\/2025\/05\/12\/la-ue-al-dia-iago-lombardia-nos-trae-las-ultimas-novedades-de-tiktok-el-dia-de-europa-y-el-pride\/","title":{"rendered":"&#8216;La UE al d\u00eda&#8217;: Iago Lombard\u00eda nos trae las \u00faltimas novedades de TikTok, el D\u00eda de Europa y el PRIDE"},"content":{"rendered":"\n<p><b>Iago Lombard\u00eda<\/b><span style=\"font-weight: 400\"> nos trae tres temas de actualidad europea en la nueva entrega de su <\/span><b>\u2018UE al d\u00eda\u2019<\/b><span style=\"font-weight: 400\">. Primero, hablamos de las multas de la Comisi\u00f3n Europea<b> a<\/b><\/span><b> la red social \u2018Tik Tok\u2019<\/b><span style=\"font-weight: 400\">. \u00bfEst\u00e1 relacionado con las multas a Meta y Apple? \u00bfA qu\u00e9 se debe la sanci\u00f3n?<\/span><\/p>\n<p><span style=\"font-weight: 400\">Adem\u00e1s, celebramos<\/span><b> el D\u00eda de Europa<\/b><span style=\"font-weight: 400\"> conociendo todo lo que la capital belga ha preparado para la ocasi\u00f3n.<\/span><\/p>\n<p><span style=\"font-weight: 400\">Coincidiendo con la semana del Orgullo en B\u00e9lgica, cerramos la secci\u00f3n reflexionando sobre<\/span><b> las medidas de la UE respecto a la comunidad LGTBIAQ+. <\/b>Los datos actuales confirman que todav\u00eda hay mucha discriminaci\u00f3n contra el colectivo, por lo que quiz\u00e1s, <strong>haya que buscar maneras de cambiar la estrategia actual<\/strong> que sigue la Uni\u00f3n Europea al respecto. <span style=\"font-weight: 400\">\u00bfC\u00f3mo se puede mejorar la situaci\u00f3n?<\/span><\/p>\n\n\n\n<figure class=\"wp-block-embed is-type-rich is-provider-spotify wp-block-embed-spotify wp-embed-aspect-21-9 wp-has-aspect-ratio\"><div class=\"wp-block-embed__wrapper\">\n<iframe title=\"Spotify Embed: &amp;apos;La UE al d\u00eda&amp;apos;: multa a TikTok, D\u00eda de Europa y la comunidad LGTB+ en la UE\" style=\"border-radius: 12px\" width=\"100%\" height=\"152\" frameborder=\"0\" allowfullscreen allow=\"autoplay; clipboard-write; encrypted-media; fullscreen; picture-in-picture\" loading=\"lazy\" src=\"https:\/\/open.spotify.com\/embed\/episode\/5Yh3majESDKZWFsTXXC5z8?si=dcc4f7c349884703&#038;utm_source=oembed\"><\/iframe>\n<\/div><\/figure>\n","protected":false},"excerpt":{"rendered":"<div class=\"mh-excerpt\"><p>Iago Lombard\u00eda nos trae tres temas de actualidad europea en la nueva entrega de su \u2018UE al d\u00eda\u2019. Primero, hablamos de las multas de la Comisi\u00f3n Europea a la red social \u2018Tik Tok\u2019. \u00bfEst\u00e1 relacionado <a class=\"mh-excerpt-more\" href=\"https:\/\/radioalma.eu\/bruselas\/2025\/05\/12\/la-ue-al-dia-iago-lombardia-nos-trae-las-ultimas-novedades-de-tiktok-el-dia-de-europa-y-el-pride\/\" title=\"&#8216;La UE al d\u00eda&#8217;: Iago Lombard\u00eda nos trae las \u00faltimas novedades de TikTok, el D\u00eda de Europa y el PRIDE\">[&#8230;]<\/a><\/p>\n<\/div>","protected":false},"author":51,"featured_media":13623,"comment_status":"open","ping_status":"open","sticky":false,"template":"","format":"standard","meta":{"footnotes":""},"categories":[2697,2699,2704],"tags":[],"class_list":{"0":"post-13620","1":"post","2":"type-post","3":"status-publish","4":"format-standard","5":"has-post-thumbnail","7":"category-europa","8":"category-politica","9":"category-social"},"_links":{"self":[{"href":"https:\/\/radioalma.eu\/bruselas\/wp-json\/wp\/v2\/posts\/13620","targetHints":{"allow":["GET"]}}],"collection":[{"href":"https:\/\/radioalma.eu\/bruselas\/wp-json\/wp\/v2\/posts"}],"about":[{"href":"https:\/\/radioalma.eu\/bruselas\/wp-json\/wp\/v2\/types\/post"}],"author":[{"embeddable":true,"href":"https:\/\/radioalma.eu\/bruselas\/wp-json\/wp\/v2\/users\/51"}],"replies":[{"embeddable":true,"href":"https:\/\/radioalma.eu\/bruselas\/wp-json\/wp\/v2\/comments?post=13620"}],"version-history":[{"count":3,"href":"https:\/\/radioalma.eu\/bruselas\/wp-json\/wp\/v2\/posts\/13620\/revisions"}],"predecessor-version":[{"id":13673,"href":"https:\/\/radioalma.eu\/bruselas\/wp-json\/wp\/v2\/posts\/13620\/revisions\/13673"}],"wp:featuredmedia":[{"embeddable":true,"href":"https:\/\/radioalma.eu\/bruselas\/wp-json\/wp\/v2\/media\/13623"}],"wp:attachment":[{"href":"https:\/\/radioalma.eu\/bruselas\/wp-json\/wp\/v2\/media?parent=13620"}],"wp:term":[{"taxonomy":"category","embeddable":true,"href":"https:\/\/radioalma.eu\/bruselas\/wp-json\/wp\/v2\/categories?post=13620"},{"taxonomy":"post_tag","embeddable":true,"href":"https:\/\/radioalma.eu\/bruselas\/wp-json\/wp\/v2\/tags?post=13620"}],"curies":[{"name":"wp","href":"https:\/\/api.w.org\/{rel}","templated":true}]}}